{"id":9691,"date":"2020-04-14T22:46:21","date_gmt":"2020-04-15T01:46:21","guid":{"rendered":"https:\/\/arquivosfutebolbrasil.com.br\/blog\/?p=9691"},"modified":"2020-04-14T22:46:22","modified_gmt":"2020-04-15T01:46:22","slug":"foto-historica-gremio-atletico-guarany-garibaldi-rs-1996","status":"publish","type":"post","link":"https:\/\/arquivosfutebolbrasil.com.br\/blog\/2020\/04\/14\/foto-historica-gremio-atletico-guarany-garibaldi-rs-1996\/","title":{"rendered":"Foto Hist\u00f3rica &#8211; Gr\u00eamio Atl\u00e9tico Guarany (Garibaldi &#8211; RS) &#8211; 1996"},"content":{"rendered":"\n<figure class=\"wp-block-image size-large is-resized\"><img loading=\"lazy\" decoding=\"async\" src=\"https:\/\/arquivosfutebolbrasil.com.br\/blog\/wp-content\/uploads\/2020\/04\/image-181-1024x643.png\" alt=\"\" class=\"wp-image-9692\" width=\"609\" height=\"382\" srcset=\"https:\/\/arquivosfutebolbrasil.com.br\/blog\/wp-content\/uploads\/2020\/04\/image-181-1024x643.png 1024w, https:\/\/arquivosfutebolbrasil.com.br\/blog\/wp-content\/uploads\/2020\/04\/image-181-300x188.png 300w, https:\/\/arquivosfutebolbrasil.com.br\/blog\/wp-content\/uploads\/2020\/04\/image-181-768x482.png 768w, https:\/\/arquivosfutebolbrasil.com.br\/blog\/wp-content\/uploads\/2020\/04\/image-181.png 1123w\" sizes=\"(max-width: 609px) 100vw, 609px\" \/><figcaption>Fonte:   Roque Hoppermann Zwirtes <\/figcaption><\/figure>\n\r\n","protected":false},"excerpt":{"rendered":"","protected":false},"author":2,"featured_media":0,"comment_status":"open","ping_status":"open","sticky":false,"template":"","format":"standard","meta":{"footnotes":""},"categories":[54,32],"tags":[],"class_list":["post-9691","post","type-post","status-publish","format-standard","hentry","category-fotos-historicas","category-rio-grande-do-sul"],"_links":{"self":[{"href":"https:\/\/arquivosfutebolbrasil.com.br\/blog\/wp-json\/wp\/v2\/posts\/9691"}],"collection":[{"href":"https:\/\/arquivosfutebolbrasil.com.br\/blog\/wp-json\/wp\/v2\/posts"}],"about":[{"href":"https:\/\/arquivosfutebolbrasil.com.br\/blog\/wp-json\/wp\/v2\/types\/post"}],"author":[{"embeddable":true,"href":"https:\/\/arquivosfutebolbrasil.com.br\/blog\/wp-json\/wp\/v2\/users\/2"}],"replies":[{"embeddable":true,"href":"https:\/\/arquivosfutebolbrasil.com.br\/blog\/wp-json\/wp\/v2\/comments?post=9691"}],"version-history":[{"count":1,"href":"https:\/\/arquivosfutebolbrasil.com.br\/blog\/wp-json\/wp\/v2\/posts\/9691\/revisions"}],"predecessor-version":[{"id":9693,"href":"https:\/\/arquivosfutebolbrasil.com.br\/blog\/wp-json\/wp\/v2\/posts\/9691\/revisions\/9693"}],"wp:attachment":[{"href":"https:\/\/arquivosfutebolbrasil.com.br\/blog\/wp-json\/wp\/v2\/media?parent=9691"}],"wp:term":[{"taxonomy":"category","embeddable":true,"href":"https:\/\/arquivosfutebolbrasil.com.br\/blog\/wp-json\/wp\/v2\/categories?post=9691"},{"taxonomy":"post_tag","embeddable":true,"href":"https:\/\/arquivosfutebolbrasil.com.br\/blog\/wp-json\/wp\/v2\/tags?post=9691"}],"curies":[{"name":"wp","href":"https:\/\/api.w.org\/{rel}","templated":true}]}}