{"id":9589,"date":"2020-04-15T16:08:00","date_gmt":"2020-04-15T19:08:00","guid":{"rendered":"https:\/\/arquivosfutebolbrasil.com.br\/blog\/?p=9589"},"modified":"2020-04-12T16:08:51","modified_gmt":"2020-04-12T19:08:51","slug":"torneio-inicio-cearense-1933","status":"publish","type":"post","link":"https:\/\/arquivosfutebolbrasil.com.br\/blog\/2020\/04\/15\/torneio-inicio-cearense-1933\/","title":{"rendered":"Torneio In\u00edcio Cearense &#8211; 1933"},"content":{"rendered":"\n<p>Data: 26 de mar\u00e7o de 1933<br>\nLocal: campo do Prado, em Fortaleza<\/p>\n\n\n\n<p>1\u00ba jogo &#8211; Cear\u00e1 1&#215;0 Maguary<br>\n2\u00ba jogo &#8211; Fortaleza 1&#215;1 Am\u00e9rica (1&#215;0 esc)<br>\n3\u00ba jogo &#8211; Cear\u00e1 2&#215;0 Sam Christ\u00f3vam<br>\nFinal &#8211; Fortaleza 2&#215;0 Cear\u00e1<\/p>\n\n\n\n<p>Campe\u00e3o &#8211; Fortaleza Esporte Clube (Fortaleza &#8211; CE)<\/p>\n\n\n\n<p>Fonte: David Barboza e Eugenio Fernandes<\/p>\n\r\n","protected":false},"excerpt":{"rendered":"<p>Data: 26 de mar\u00e7o de 1933 Local: campo do Prado, em Fortaleza 1\u00ba jogo &#8211; Cear\u00e1 1&#215;0 Maguary 2\u00ba jogo &#8211; Fortaleza 1&#215;1 Am\u00e9rica (1&#215;0 esc) 3\u00ba jogo &#8211; Cear\u00e1 2&#215;0 Sam Christ\u00f3vam Final &#8211; Fortaleza 2&#215;0 Cear\u00e1 Campe\u00e3o &#8211; Fortaleza Esporte Clube (Fortaleza &#8211; CE) Fonte: David Barboza e Eugenio Fernandes<\/p>\n","protected":false},"author":2,"featured_media":0,"comment_status":"open","ping_status":"open","sticky":false,"template":"","format":"standard","meta":{"footnotes":""},"categories":[48,16],"tags":[],"class_list":["post-9589","post","type-post","status-publish","format-standard","hentry","category-campeonatos-historicos","category-ceara"],"_links":{"self":[{"href":"https:\/\/arquivosfutebolbrasil.com.br\/blog\/wp-json\/wp\/v2\/posts\/9589"}],"collection":[{"href":"https:\/\/arquivosfutebolbrasil.com.br\/blog\/wp-json\/wp\/v2\/posts"}],"about":[{"href":"https:\/\/arquivosfutebolbrasil.com.br\/blog\/wp-json\/wp\/v2\/types\/post"}],"author":[{"embeddable":true,"href":"https:\/\/arquivosfutebolbrasil.com.br\/blog\/wp-json\/wp\/v2\/users\/2"}],"replies":[{"embeddable":true,"href":"https:\/\/arquivosfutebolbrasil.com.br\/blog\/wp-json\/wp\/v2\/comments?post=9589"}],"version-history":[{"count":1,"href":"https:\/\/arquivosfutebolbrasil.com.br\/blog\/wp-json\/wp\/v2\/posts\/9589\/revisions"}],"predecessor-version":[{"id":9590,"href":"https:\/\/arquivosfutebolbrasil.com.br\/blog\/wp-json\/wp\/v2\/posts\/9589\/revisions\/9590"}],"wp:attachment":[{"href":"https:\/\/arquivosfutebolbrasil.com.br\/blog\/wp-json\/wp\/v2\/media?parent=9589"}],"wp:term":[{"taxonomy":"category","embeddable":true,"href":"https:\/\/arquivosfutebolbrasil.com.br\/blog\/wp-json\/wp\/v2\/categories?post=9589"},{"taxonomy":"post_tag","embeddable":true,"href":"https:\/\/arquivosfutebolbrasil.com.br\/blog\/wp-json\/wp\/v2\/tags?post=9589"}],"curies":[{"name":"wp","href":"https:\/\/api.w.org\/{rel}","templated":true}]}}