{"id":9068,"date":"2020-04-07T14:47:25","date_gmt":"2020-04-07T17:47:25","guid":{"rendered":"https:\/\/arquivosfutebolbrasil.com.br\/blog\/?p=9068"},"modified":"2020-04-07T14:47:26","modified_gmt":"2020-04-07T17:47:26","slug":"torneio-inicio-cearense-1931","status":"publish","type":"post","link":"https:\/\/arquivosfutebolbrasil.com.br\/blog\/2020\/04\/07\/torneio-inicio-cearense-1931\/","title":{"rendered":"Torneio In\u00edcio Cearense &#8211; 1931"},"content":{"rendered":"\n<p>Data: 19 de abril de 1931<br>\nLocal: Campo do Prado, em Fortaleza<\/p>\n\n\n\n<p>1\u00ba jogo &#8211; Cear\u00e1 5&#215;0 Sem Rival<br>\n2\u00ba jogo &#8211; Arar\u00e9 3&#215;0 Oriente<br>\n3\u00ba jogo &#8211; Orion 2&#215;0 Progresso<br>\n4\u00ba jogo &#8211; Cear\u00e1 0x0 Maguary (1&#215;0 esc)<br>\n5\u00ba jogo &#8211; Orion 0x0 Arar\u00e9 (2&#215;0 esc)<br>\nFinal &#8211; Orion 2&#215;0 Cear\u00e1<\/p>\n\n\n\n<p>Campe\u00e3o &#8211; Orion Football Club (Fortaleza &#8211; CE)<\/p>\n\n\n\n<p>Fonte: David Barboza e Eugenio Fernandes<\/p>\n\r\n","protected":false},"excerpt":{"rendered":"<p>Data: 19 de abril de 1931 Local: Campo do Prado, em Fortaleza 1\u00ba jogo &#8211; Cear\u00e1 5&#215;0 Sem Rival 2\u00ba jogo &#8211; Arar\u00e9 3&#215;0 Oriente 3\u00ba jogo &#8211; Orion 2&#215;0 Progresso 4\u00ba jogo &#8211; Cear\u00e1 0x0 Maguary (1&#215;0 esc) 5\u00ba jogo &#8211; Orion 0x0 Arar\u00e9 (2&#215;0 esc) Final &#8211; Orion 2&#215;0 Cear\u00e1 Campe\u00e3o &#8211; Orion [&hellip;]<\/p>\n","protected":false},"author":2,"featured_media":0,"comment_status":"open","ping_status":"open","sticky":false,"template":"","format":"standard","meta":{"footnotes":""},"categories":[48,16],"tags":[],"class_list":["post-9068","post","type-post","status-publish","format-standard","hentry","category-campeonatos-historicos","category-ceara"],"_links":{"self":[{"href":"https:\/\/arquivosfutebolbrasil.com.br\/blog\/wp-json\/wp\/v2\/posts\/9068"}],"collection":[{"href":"https:\/\/arquivosfutebolbrasil.com.br\/blog\/wp-json\/wp\/v2\/posts"}],"about":[{"href":"https:\/\/arquivosfutebolbrasil.com.br\/blog\/wp-json\/wp\/v2\/types\/post"}],"author":[{"embeddable":true,"href":"https:\/\/arquivosfutebolbrasil.com.br\/blog\/wp-json\/wp\/v2\/users\/2"}],"replies":[{"embeddable":true,"href":"https:\/\/arquivosfutebolbrasil.com.br\/blog\/wp-json\/wp\/v2\/comments?post=9068"}],"version-history":[{"count":1,"href":"https:\/\/arquivosfutebolbrasil.com.br\/blog\/wp-json\/wp\/v2\/posts\/9068\/revisions"}],"predecessor-version":[{"id":9069,"href":"https:\/\/arquivosfutebolbrasil.com.br\/blog\/wp-json\/wp\/v2\/posts\/9068\/revisions\/9069"}],"wp:attachment":[{"href":"https:\/\/arquivosfutebolbrasil.com.br\/blog\/wp-json\/wp\/v2\/media?parent=9068"}],"wp:term":[{"taxonomy":"category","embeddable":true,"href":"https:\/\/arquivosfutebolbrasil.com.br\/blog\/wp-json\/wp\/v2\/categories?post=9068"},{"taxonomy":"post_tag","embeddable":true,"href":"https:\/\/arquivosfutebolbrasil.com.br\/blog\/wp-json\/wp\/v2\/tags?post=9068"}],"curies":[{"name":"wp","href":"https:\/\/api.w.org\/{rel}","templated":true}]}}