{"id":8492,"date":"2020-03-26T06:01:59","date_gmt":"2020-03-26T09:01:59","guid":{"rendered":"https:\/\/arquivosfutebolbrasil.com.br\/blog\/?p=8492"},"modified":"2020-03-26T06:02:01","modified_gmt":"2020-03-26T09:02:01","slug":"torneio-inicio-de-jundiai-sp-1944","status":"publish","type":"post","link":"https:\/\/arquivosfutebolbrasil.com.br\/blog\/2020\/03\/26\/torneio-inicio-de-jundiai-sp-1944\/","title":{"rendered":"Torneio In\u00edcio de Jundia\u00ed (SP) \u2013 1944"},"content":{"rendered":"\n<p>Data: 05 de mar\u00e7o de 1944<br>Local: Campo do S\u00e3o Jo\u00e3o FC, em Jundia\u00ed \u2013 SP<\/p>\n\n\n\n<p>1\u00ba jogo \u2013 Paulista 1-0 Corinthians<br>2\u00ba jogo \u2013 SPR 1-0 Minas Gerais<br>3\u00ba jogo \u2013 S\u00e3o Jo\u00e3o 2-0 Ja\u00fa<br>4\u00ba jogo \u2013 Comercial 1-0 Paulista<br>5\u00ba jogo \u2013 SPR 1-0 S\u00e3o Jo\u00e3o<br>Final &nbsp;&nbsp;&nbsp;&nbsp;\u2013 Comercial 2-0 SPR<\/p>\n\n\n\n<p>Campe\u00e3o \u2013 Clube Atl\u00e9tico Comercial (Jundia\u00ed \u2013 SP)<\/p>\n\n\n\n<p><em>Fonte: Gazeta Esportiva \u2013 SP<\/em><\/p>\n\r\n","protected":false},"excerpt":{"rendered":"<p>Data: 05 de mar\u00e7o de 1944Local: Campo do S\u00e3o Jo\u00e3o FC, em Jundia\u00ed \u2013 SP 1\u00ba jogo \u2013 Paulista 1-0 Corinthians2\u00ba jogo \u2013 SPR 1-0 Minas Gerais3\u00ba jogo \u2013 S\u00e3o Jo\u00e3o 2-0 Ja\u00fa4\u00ba jogo \u2013 Comercial 1-0 Paulista5\u00ba jogo \u2013 SPR 1-0 S\u00e3o Jo\u00e3oFinal &nbsp;&nbsp;&nbsp;&nbsp;\u2013 Comercial 2-0 SPR Campe\u00e3o \u2013 Clube Atl\u00e9tico Comercial (Jundia\u00ed \u2013 [&hellip;]<\/p>\n","protected":false},"author":2,"featured_media":0,"comment_status":"open","ping_status":"open","sticky":false,"template":"","format":"standard","meta":{"footnotes":""},"categories":[48,35],"tags":[],"class_list":["post-8492","post","type-post","status-publish","format-standard","hentry","category-campeonatos-historicos","category-sao-paulo"],"_links":{"self":[{"href":"https:\/\/arquivosfutebolbrasil.com.br\/blog\/wp-json\/wp\/v2\/posts\/8492"}],"collection":[{"href":"https:\/\/arquivosfutebolbrasil.com.br\/blog\/wp-json\/wp\/v2\/posts"}],"about":[{"href":"https:\/\/arquivosfutebolbrasil.com.br\/blog\/wp-json\/wp\/v2\/types\/post"}],"author":[{"embeddable":true,"href":"https:\/\/arquivosfutebolbrasil.com.br\/blog\/wp-json\/wp\/v2\/users\/2"}],"replies":[{"embeddable":true,"href":"https:\/\/arquivosfutebolbrasil.com.br\/blog\/wp-json\/wp\/v2\/comments?post=8492"}],"version-history":[{"count":1,"href":"https:\/\/arquivosfutebolbrasil.com.br\/blog\/wp-json\/wp\/v2\/posts\/8492\/revisions"}],"predecessor-version":[{"id":8493,"href":"https:\/\/arquivosfutebolbrasil.com.br\/blog\/wp-json\/wp\/v2\/posts\/8492\/revisions\/8493"}],"wp:attachment":[{"href":"https:\/\/arquivosfutebolbrasil.com.br\/blog\/wp-json\/wp\/v2\/media?parent=8492"}],"wp:term":[{"taxonomy":"category","embeddable":true,"href":"https:\/\/arquivosfutebolbrasil.com.br\/blog\/wp-json\/wp\/v2\/categories?post=8492"},{"taxonomy":"post_tag","embeddable":true,"href":"https:\/\/arquivosfutebolbrasil.com.br\/blog\/wp-json\/wp\/v2\/tags?post=8492"}],"curies":[{"name":"wp","href":"https:\/\/api.w.org\/{rel}","templated":true}]}}