{"id":8331,"date":"2020-03-23T21:08:00","date_gmt":"2020-03-24T00:08:00","guid":{"rendered":"https:\/\/arquivosfutebolbrasil.com.br\/blog\/?p=8331"},"modified":"2020-03-23T21:08:02","modified_gmt":"2020-03-24T00:08:02","slug":"torneio-inicio-de-porto-alegre-rs-juvenil-1932","status":"publish","type":"post","link":"https:\/\/arquivosfutebolbrasil.com.br\/blog\/2020\/03\/23\/torneio-inicio-de-porto-alegre-rs-juvenil-1932\/","title":{"rendered":"Torneio In\u00edcio de Porto Alegre (RS) &#8211; Juvenil &#8211; 1932"},"content":{"rendered":"\n<p>Data: 23 de outubro de 1932<br>Local: Porto Alegre &#8211; RS<\/p>\n\n\n\n<p>1\u00ba jogo &#8211; Internacional 2&#215;0 Cruzeiro<br>2\u00ba jogo &#8211; S\u00e3o Jos\u00e9 2&#215;0 Porto Alegre<br>Final &#8211; Internacional 3&#215;0 S\u00e3o Jos\u00e9<\/p>\n\n\n\n<p>Campe\u00e3o &#8211; Sport Club Internacional (Porto Alegre &#8211; RS)<\/p>\n\n\n\n<p>Fonte: A Federa\u00e7\u00e3o \/ RS<\/p>\n\r\n","protected":false},"excerpt":{"rendered":"<p>Data: 23 de outubro de 1932Local: Porto Alegre &#8211; RS 1\u00ba jogo &#8211; Internacional 2&#215;0 Cruzeiro2\u00ba jogo &#8211; S\u00e3o Jos\u00e9 2&#215;0 Porto AlegreFinal &#8211; Internacional 3&#215;0 S\u00e3o Jos\u00e9 Campe\u00e3o &#8211; Sport Club Internacional (Porto Alegre &#8211; RS) Fonte: A Federa\u00e7\u00e3o \/ RS<\/p>\n","protected":false},"author":2,"featured_media":0,"comment_status":"open","ping_status":"open","sticky":false,"template":"","format":"standard","meta":{"footnotes":""},"categories":[48,56,32],"tags":[],"class_list":["post-8331","post","type-post","status-publish","format-standard","hentry","category-campeonatos-historicos","category-futebol-categorias-de-base","category-rio-grande-do-sul"],"_links":{"self":[{"href":"https:\/\/arquivosfutebolbrasil.com.br\/blog\/wp-json\/wp\/v2\/posts\/8331"}],"collection":[{"href":"https:\/\/arquivosfutebolbrasil.com.br\/blog\/wp-json\/wp\/v2\/posts"}],"about":[{"href":"https:\/\/arquivosfutebolbrasil.com.br\/blog\/wp-json\/wp\/v2\/types\/post"}],"author":[{"embeddable":true,"href":"https:\/\/arquivosfutebolbrasil.com.br\/blog\/wp-json\/wp\/v2\/users\/2"}],"replies":[{"embeddable":true,"href":"https:\/\/arquivosfutebolbrasil.com.br\/blog\/wp-json\/wp\/v2\/comments?post=8331"}],"version-history":[{"count":1,"href":"https:\/\/arquivosfutebolbrasil.com.br\/blog\/wp-json\/wp\/v2\/posts\/8331\/revisions"}],"predecessor-version":[{"id":8332,"href":"https:\/\/arquivosfutebolbrasil.com.br\/blog\/wp-json\/wp\/v2\/posts\/8331\/revisions\/8332"}],"wp:attachment":[{"href":"https:\/\/arquivosfutebolbrasil.com.br\/blog\/wp-json\/wp\/v2\/media?parent=8331"}],"wp:term":[{"taxonomy":"category","embeddable":true,"href":"https:\/\/arquivosfutebolbrasil.com.br\/blog\/wp-json\/wp\/v2\/categories?post=8331"},{"taxonomy":"post_tag","embeddable":true,"href":"https:\/\/arquivosfutebolbrasil.com.br\/blog\/wp-json\/wp\/v2\/tags?post=8331"}],"curies":[{"name":"wp","href":"https:\/\/api.w.org\/{rel}","templated":true}]}}