{"id":7928,"date":"2020-03-15T16:33:34","date_gmt":"2020-03-15T19:33:34","guid":{"rendered":"https:\/\/arquivosfutebolbrasil.com.br\/blog\/?p=7928"},"modified":"2020-03-15T16:33:35","modified_gmt":"2020-03-15T19:33:35","slug":"excursao-do-clube-atletico-juventus-sp-a-europa-em-1953","status":"publish","type":"post","link":"https:\/\/arquivosfutebolbrasil.com.br\/blog\/2020\/03\/15\/excursao-do-clube-atletico-juventus-sp-a-europa-em-1953\/","title":{"rendered":"Excurs\u00e3o do Clube Atl\u00e9tico Juventus (SP) a Europa em 1953"},"content":{"rendered":"\n<div class=\"wp-block-image\"><figure class=\"aligncenter\"><img decoding=\"async\" src=\"https:\/\/encrypted-tbn0.gstatic.com\/images?q=tbn%3AANd9GcT5omlkAI4X8gXjTvpWUxLjeFm7xpduKJLuwlI1vpbbUJq34niq\" alt=\"Resultado de imagem para juventus s\u00e3o paulo\"\/><\/figure><\/div>\n\n\n\n<p>12.05.1953<br> Juventus 2&#215;1 Las Palmas (Espanha), em Las Palmas &#8211; Espanha<br> 17.05.1953<br> Juventus 2&#215;1 Sampdoria (It\u00e1lia), em Genova &#8211; It\u00e1lia<br> 22.05.1953<br> Juventus 2&#215;1 Norrkoping (Su\u00e9cia), em Norrkoping &#8211; Su\u00e9cia<br> 28.05.1953<br> Juventus 0x1 Malmo (Su\u00e9cia), em Malmo &#8211; Su\u00e9cia<br> 30.05.1953<br> Juventus 3&#215;2 Preussen Dellbruck (Alemanha Ocidental), em Col\u00f4nia &#8211; Alemanha Ocidental<br> 04.06.1953<br> Juventus 2&#215;3 Napoli (It\u00e1lia), em Napoli &#8211; It\u00e1lia<br> 10.06.1953<br> Juventus 2&#215;1 Roma (It\u00e1lia), em Roma &#8211; It\u00e1lia<br> 11.06.1953<br> Juventus 3&#215;4 Basel (Su\u00ed\u00e7a), em Basel &#8211; Su\u00ed\u00e7a<br> 15.06.1953<br> Juventus 1&#215;0 Servette (Su\u00ed\u00e7a), em Genebra &#8211; Su\u00ed\u00e7a<br> 17.06.1953<br> Juventus 0x2 \u00c1ustria Viena (\u00c1ustria), em Viena &#8211; \u00c1ustria<br> 19.06.1953<br> Juventus 1&#215;1 Basel (Su\u00ed\u00e7a), em Basel &#8211; Su\u00ed\u00e7a<br> 21.06.1953<br> Juventus 2&#215;0 Lausanne (Su\u00ed\u00e7a), em Lausanne &#8211; Su\u00ed\u00e7a<br> 23.06.1953<br> Juventus 3&#215;1 Sturm Graz (\u00c1ustria), em Graz &#8211; \u00c1ustria<br> 25.06.1953<br> Juventus 0x0 Crvena Zvezda (Iugosl\u00e1via), em Belgrado &#8211; Iugosl\u00e1via<br> 28.06.1953<br> Juventus 2&#215;1 Partizan Belgrado (Iugosl\u00e1via), em Belgrado &#8211; Iugosl\u00e1via<\/p>\n\n\n\n<p>Fonte: Walter \u00cdris<\/p>\n\r\n","protected":false},"excerpt":{"rendered":"<p>12.05.1953 Juventus 2&#215;1 Las Palmas (Espanha), em Las Palmas &#8211; Espanha 17.05.1953 Juventus 2&#215;1 Sampdoria (It\u00e1lia), em Genova &#8211; It\u00e1lia 22.05.1953 Juventus 2&#215;1 Norrkoping (Su\u00e9cia), em Norrkoping &#8211; Su\u00e9cia 28.05.1953 Juventus 0x1 Malmo (Su\u00e9cia), em Malmo &#8211; Su\u00e9cia 30.05.1953 Juventus 3&#215;2 Preussen Dellbruck (Alemanha Ocidental), em Col\u00f4nia &#8211; Alemanha Ocidental 04.06.1953 Juventus 2&#215;3 Napoli (It\u00e1lia), [&hellip;]<\/p>\n","protected":false},"author":2,"featured_media":0,"comment_status":"open","ping_status":"open","sticky":false,"template":"","format":"standard","meta":{"footnotes":""},"categories":[42,47,35],"tags":[],"class_list":["post-7928","post","type-post","status-publish","format-standard","hentry","category-jogos-amistosos-internacionais","category-jogos-historicos","category-sao-paulo"],"_links":{"self":[{"href":"https:\/\/arquivosfutebolbrasil.com.br\/blog\/wp-json\/wp\/v2\/posts\/7928"}],"collection":[{"href":"https:\/\/arquivosfutebolbrasil.com.br\/blog\/wp-json\/wp\/v2\/posts"}],"about":[{"href":"https:\/\/arquivosfutebolbrasil.com.br\/blog\/wp-json\/wp\/v2\/types\/post"}],"author":[{"embeddable":true,"href":"https:\/\/arquivosfutebolbrasil.com.br\/blog\/wp-json\/wp\/v2\/users\/2"}],"replies":[{"embeddable":true,"href":"https:\/\/arquivosfutebolbrasil.com.br\/blog\/wp-json\/wp\/v2\/comments?post=7928"}],"version-history":[{"count":1,"href":"https:\/\/arquivosfutebolbrasil.com.br\/blog\/wp-json\/wp\/v2\/posts\/7928\/revisions"}],"predecessor-version":[{"id":7929,"href":"https:\/\/arquivosfutebolbrasil.com.br\/blog\/wp-json\/wp\/v2\/posts\/7928\/revisions\/7929"}],"wp:attachment":[{"href":"https:\/\/arquivosfutebolbrasil.com.br\/blog\/wp-json\/wp\/v2\/media?parent=7928"}],"wp:term":[{"taxonomy":"category","embeddable":true,"href":"https:\/\/arquivosfutebolbrasil.com.br\/blog\/wp-json\/wp\/v2\/categories?post=7928"},{"taxonomy":"post_tag","embeddable":true,"href":"https:\/\/arquivosfutebolbrasil.com.br\/blog\/wp-json\/wp\/v2\/tags?post=7928"}],"curies":[{"name":"wp","href":"https:\/\/api.w.org\/{rel}","templated":true}]}}