{"id":7842,"date":"2020-03-14T18:43:19","date_gmt":"2020-03-14T21:43:19","guid":{"rendered":"https:\/\/arquivosfutebolbrasil.com.br\/blog\/?p=7842"},"modified":"2020-03-14T18:43:23","modified_gmt":"2020-03-14T21:43:23","slug":"foto-historica-sociedade-esportiva-e-recreativa-sao-jose-macapa-ap-1970","status":"publish","type":"post","link":"https:\/\/arquivosfutebolbrasil.com.br\/blog\/2020\/03\/14\/foto-historica-sociedade-esportiva-e-recreativa-sao-jose-macapa-ap-1970\/","title":{"rendered":"Foto Hist\u00f3rica &#8211; Sociedade Esportiva e Recreativa S\u00e3o Jos\u00e9 (Macap\u00e1 &#8211; AP) &#8211; 1970"},"content":{"rendered":"\n<figure class=\"wp-block-image is-resized\"><img loading=\"lazy\" decoding=\"async\" src=\"https:\/\/scontent.fssz1-1.fna.fbcdn.net\/v\/t1.0-9\/90017804_631387007659935_1622189511108722688_n.jpg?_nc_cat=107&amp;_nc_sid=ca434c&amp;_nc_ohc=vcutPESr6_gAX9wo3B9&amp;_nc_ht=scontent.fssz1-1.fna&amp;oh=713d163de9738d88564052004ae42d54&amp;oe=5E915E4B\" alt=\"A imagem pode conter: uma ou mais pessoas e atividades ao ar livre\" width=\"614\" height=\"482\"\/><figcaption>Fonte: Franselmo George<\/figcaption><\/figure>\n\r\n","protected":false},"excerpt":{"rendered":"","protected":false},"author":2,"featured_media":0,"comment_status":"open","ping_status":"open","sticky":false,"template":"","format":"standard","meta":{"footnotes":""},"categories":[4,54],"tags":[],"class_list":["post-7842","post","type-post","status-publish","format-standard","hentry","category-amapa","category-fotos-historicas"],"_links":{"self":[{"href":"https:\/\/arquivosfutebolbrasil.com.br\/blog\/wp-json\/wp\/v2\/posts\/7842"}],"collection":[{"href":"https:\/\/arquivosfutebolbrasil.com.br\/blog\/wp-json\/wp\/v2\/posts"}],"about":[{"href":"https:\/\/arquivosfutebolbrasil.com.br\/blog\/wp-json\/wp\/v2\/types\/post"}],"author":[{"embeddable":true,"href":"https:\/\/arquivosfutebolbrasil.com.br\/blog\/wp-json\/wp\/v2\/users\/2"}],"replies":[{"embeddable":true,"href":"https:\/\/arquivosfutebolbrasil.com.br\/blog\/wp-json\/wp\/v2\/comments?post=7842"}],"version-history":[{"count":1,"href":"https:\/\/arquivosfutebolbrasil.com.br\/blog\/wp-json\/wp\/v2\/posts\/7842\/revisions"}],"predecessor-version":[{"id":7843,"href":"https:\/\/arquivosfutebolbrasil.com.br\/blog\/wp-json\/wp\/v2\/posts\/7842\/revisions\/7843"}],"wp:attachment":[{"href":"https:\/\/arquivosfutebolbrasil.com.br\/blog\/wp-json\/wp\/v2\/media?parent=7842"}],"wp:term":[{"taxonomy":"category","embeddable":true,"href":"https:\/\/arquivosfutebolbrasil.com.br\/blog\/wp-json\/wp\/v2\/categories?post=7842"},{"taxonomy":"post_tag","embeddable":true,"href":"https:\/\/arquivosfutebolbrasil.com.br\/blog\/wp-json\/wp\/v2\/tags?post=7842"}],"curies":[{"name":"wp","href":"https:\/\/api.w.org\/{rel}","templated":true}]}}