{"id":7737,"date":"2020-03-10T06:38:36","date_gmt":"2020-03-10T09:38:36","guid":{"rendered":"https:\/\/arquivosfutebolbrasil.com.br\/blog\/?p=7737"},"modified":"2020-03-10T06:38:37","modified_gmt":"2020-03-10T09:38:37","slug":"festival-esportivo-da-associacao-atletica-portuguesa-santos-sp-1923","status":"publish","type":"post","link":"https:\/\/arquivosfutebolbrasil.com.br\/blog\/2020\/03\/10\/festival-esportivo-da-associacao-atletica-portuguesa-santos-sp-1923\/","title":{"rendered":"Festival Esportivo da Associa\u00e7\u00e3o Atl\u00e9tica Portuguesa (Santos &#8211; SP) &#8211; 1923"},"content":{"rendered":"\n<p>Data: 11 de Mar\u00e7o de 1923<br>\nLocal: Campo do Santos FC, em Santos &#8211; SP<\/p>\n\n\n\n<p>1\u00ba Quadros &#8211; SPR (Santos)    4&#215;1 Palestra It\u00e1lia (Santos)<br>\n1\u00ba Quadros &#8211; Espanha (Santos)    3&#215;1 Am\u00e9rica (Santos)<br>\n1\u00ba Quadros &#8211; Portuguesa (Santos)    2&#215;1 Santos (Santos)<\/p>\n\n\n\n<p>Fonte: A Tribuna de Santos \/ SP<\/p>\n\r\n","protected":false},"excerpt":{"rendered":"<p>Data: 11 de Mar\u00e7o de 1923 Local: Campo do Santos FC, em Santos &#8211; SP 1\u00ba Quadros &#8211; SPR (Santos) 4&#215;1 Palestra It\u00e1lia (Santos) 1\u00ba Quadros &#8211; Espanha (Santos) 3&#215;1 Am\u00e9rica (Santos) 1\u00ba Quadros &#8211; Portuguesa (Santos) 2&#215;1 Santos (Santos) Fonte: A Tribuna de Santos \/ SP<\/p>\n","protected":false},"author":2,"featured_media":0,"comment_status":"open","ping_status":"open","sticky":false,"template":"","format":"standard","meta":{"footnotes":""},"categories":[46,47,35],"tags":[],"class_list":["post-7737","post","type-post","status-publish","format-standard","hentry","category-jogos-amistosos-nacionais","category-jogos-historicos","category-sao-paulo"],"_links":{"self":[{"href":"https:\/\/arquivosfutebolbrasil.com.br\/blog\/wp-json\/wp\/v2\/posts\/7737"}],"collection":[{"href":"https:\/\/arquivosfutebolbrasil.com.br\/blog\/wp-json\/wp\/v2\/posts"}],"about":[{"href":"https:\/\/arquivosfutebolbrasil.com.br\/blog\/wp-json\/wp\/v2\/types\/post"}],"author":[{"embeddable":true,"href":"https:\/\/arquivosfutebolbrasil.com.br\/blog\/wp-json\/wp\/v2\/users\/2"}],"replies":[{"embeddable":true,"href":"https:\/\/arquivosfutebolbrasil.com.br\/blog\/wp-json\/wp\/v2\/comments?post=7737"}],"version-history":[{"count":1,"href":"https:\/\/arquivosfutebolbrasil.com.br\/blog\/wp-json\/wp\/v2\/posts\/7737\/revisions"}],"predecessor-version":[{"id":7738,"href":"https:\/\/arquivosfutebolbrasil.com.br\/blog\/wp-json\/wp\/v2\/posts\/7737\/revisions\/7738"}],"wp:attachment":[{"href":"https:\/\/arquivosfutebolbrasil.com.br\/blog\/wp-json\/wp\/v2\/media?parent=7737"}],"wp:term":[{"taxonomy":"category","embeddable":true,"href":"https:\/\/arquivosfutebolbrasil.com.br\/blog\/wp-json\/wp\/v2\/categories?post=7737"},{"taxonomy":"post_tag","embeddable":true,"href":"https:\/\/arquivosfutebolbrasil.com.br\/blog\/wp-json\/wp\/v2\/tags?post=7737"}],"curies":[{"name":"wp","href":"https:\/\/api.w.org\/{rel}","templated":true}]}}