{"id":7507,"date":"2020-03-01T12:02:54","date_gmt":"2020-03-01T15:02:54","guid":{"rendered":"https:\/\/arquivosfutebolbrasil.com.br\/blog\/?p=7507"},"modified":"2023-05-03T05:23:58","modified_gmt":"2023-05-03T08:23:58","slug":"participacao-do-petropolitano-football-club-no-campeonato-carioca-de-1912","status":"publish","type":"post","link":"https:\/\/arquivosfutebolbrasil.com.br\/blog\/2020\/03\/01\/participacao-do-petropolitano-football-club-no-campeonato-carioca-de-1912\/","title":{"rendered":"Participa\u00e7\u00e3o do Petropolitano Football Club no Campeonato Carioca de 1912"},"content":{"rendered":"<div class=\"wp-block-image\">\n<figure class=\"aligncenter is-resized\"><img loading=\"lazy\" decoding=\"async\" src=\"https:\/\/lh3.googleusercontent.com\/proxy\/5JpkJ8-hmNHMyL2Hdn17HCwoFvecpXLr69P1gGuKWytHm9nXCuUtCg_91WWs-5wd87VALh_fBQhwL2XFSEIiRjnCM89ScPe8Emrz8g\" alt=\"Resultado de imagem para petropolitano football club\" width=\"138\" height=\"184\"\/><\/figure><\/div>\n\n\n<p>A \u00fanica participa\u00e7\u00e3o do <strong>PETROPOLITANO FOOTBALL CLUB <\/strong>de Petr\u00f3polis no Campeonato Carioca ocorreu em 1912. Devido as dificuldades e altos custos de locomo\u00e7\u00e3o at\u00e9 a cidade do Rio de Janeiro, o clube acabou desistindo depois de disputar tr\u00eas partidas pela competi\u00e7\u00e3o. Abaixo as fichas desta proeza:<\/p>\n\n\n\n<p>Petropolitano 2&#215;2 Internacional (Rio de Janeiro) \/ 26 de maio de 1912 \/ Local: Rua S\u00e3o Clemente, no Rio de Janeiro \/ Preliminar \u2013 Internacional 4&#215;2 Petropolitano (2\u00ba quadros) \/ \u00c1rbitro: Manfredo Segismundo Liberal \/ Gols: Jorge Vasconcellos, Laranjeira, Raul Vasconcellos e Bulc\u00e3o \/ Petropolitano: Vieira, Sylvio Vidal e Cardoso; Esteves, Raul Vasconcellos e J\u00falio Werneck; Ant\u00f4nio Mattoso, Barcellos, Jair, Salles Pinto e Bulc\u00e3o \/ Internacional: Antonio Rega, Fred e Martins; Justiniano, Angenor e Oct\u00e1vio; Lopes, Jorge Vasconcellos, Laranjeira, Epaminondas e Orlando<\/p>\n\n\n\n<p>Petropolitano 6&#215;0 Germ\u00e2nia (Rio de Janeiro) \/ 16 de junho de 1912 \/ Local: Rua S\u00e3o Clemente, no Rio de Janeiro \/ Preliminar \u2013 Germ\u00e2nia 3&#215;0 Petropolitano (2\u00ba quadros) \/ \u00c1rbitro: C\u00edcero Allan \/ Gols: Barcellos (3), Jair (2) e Ant\u00f4nio Mattoso \/ Petropolitano: Vieira, Sylvio Vidal e Victor; Esteves, Raul Vasconcellos e J\u00falio Werneck; Bulc\u00e3o, Barcellos, Jair, Ant\u00f4nio Mattoso e Bulh\u00f5es \/ Germ\u00e2nia: Gildo, Pessoa e Gon\u00e7alves; Rio Branco, Jacoh e Leandro; Ann\u00edbal, Cand\u00f3ca, Rosino, Mi\u00fado e Bruno<\/p>\n\n\n\n<p>Petropolitano\n1&#215;2 Cattete (Rio de Janeiro) \/ 30 de junho de 1912 \/ Local: Rua S\u00e3o Clemente,\nno Rio de Janeiro \/ Preliminar \u2013 Cattete 2&#215;0 Petropolitano (2\u00ba quadros) \/ \u00c1rbitro:\nRolando de Lamare \/ Gols: Pessoa, Eduardo e Bulh\u00f5es \/ Petropolitano: Vieira,\nSylvio Vidal e Mayrinck; Esteves, Raul Vasconcellos e J\u00falio Werneck; Bulc\u00e3o,\nBarcellos, Jair, Bulh\u00f5es e Ant\u00f4nio Mattoso \/ Cattete: Lavoie, Ant\u00f4nio Ribeiro e\nVignal; Hor\u00e1cio Veiga, Ant\u00f4nio Torres e Unzer; Eduardo, Pessoa, Jos\u00e9 Carvalho,\nAmorim e Oct\u00e1vio<\/p>\n\n\n\n<p>Pesquisa:\nPedro Varanda e Walter \u00cdris<\/p>\n\r\n","protected":false},"excerpt":{"rendered":"<p>A \u00fanica participa\u00e7\u00e3o do PETROPOLITANO FOOTBALL CLUB de Petr\u00f3polis no Campeonato Carioca ocorreu em 1912. Devido as dificuldades e altos custos de locomo\u00e7\u00e3o at\u00e9 a cidade do Rio de Janeiro, o clube acabou desistindo depois de disputar tr\u00eas partidas pela competi\u00e7\u00e3o. Abaixo as fichas desta proeza: Petropolitano 2&#215;2 Internacional (Rio de Janeiro) \/ 26 de [&hellip;]<\/p>\n","protected":false},"author":2,"featured_media":0,"comment_status":"open","ping_status":"open","sticky":false,"template":"","format":"standard","meta":{"footnotes":""},"categories":[48,41,29],"tags":[],"class_list":["post-7507","post","type-post","status-publish","format-standard","hentry","category-campeonatos-historicos","category-curiosidades","category-rio-de-janeiro"],"_links":{"self":[{"href":"https:\/\/arquivosfutebolbrasil.com.br\/blog\/wp-json\/wp\/v2\/posts\/7507"}],"collection":[{"href":"https:\/\/arquivosfutebolbrasil.com.br\/blog\/wp-json\/wp\/v2\/posts"}],"about":[{"href":"https:\/\/arquivosfutebolbrasil.com.br\/blog\/wp-json\/wp\/v2\/types\/post"}],"author":[{"embeddable":true,"href":"https:\/\/arquivosfutebolbrasil.com.br\/blog\/wp-json\/wp\/v2\/users\/2"}],"replies":[{"embeddable":true,"href":"https:\/\/arquivosfutebolbrasil.com.br\/blog\/wp-json\/wp\/v2\/comments?post=7507"}],"version-history":[{"count":3,"href":"https:\/\/arquivosfutebolbrasil.com.br\/blog\/wp-json\/wp\/v2\/posts\/7507\/revisions"}],"predecessor-version":[{"id":26040,"href":"https:\/\/arquivosfutebolbrasil.com.br\/blog\/wp-json\/wp\/v2\/posts\/7507\/revisions\/26040"}],"wp:attachment":[{"href":"https:\/\/arquivosfutebolbrasil.com.br\/blog\/wp-json\/wp\/v2\/media?parent=7507"}],"wp:term":[{"taxonomy":"category","embeddable":true,"href":"https:\/\/arquivosfutebolbrasil.com.br\/blog\/wp-json\/wp\/v2\/categories?post=7507"},{"taxonomy":"post_tag","embeddable":true,"href":"https:\/\/arquivosfutebolbrasil.com.br\/blog\/wp-json\/wp\/v2\/tags?post=7507"}],"curies":[{"name":"wp","href":"https:\/\/api.w.org\/{rel}","templated":true}]}}