{"id":7341,"date":"2020-03-07T16:46:00","date_gmt":"2020-03-07T19:46:00","guid":{"rendered":"https:\/\/arquivosfutebolbrasil.com.br\/blog\/?p=7341"},"modified":"2020-02-26T16:48:27","modified_gmt":"2020-02-26T19:48:27","slug":"festival-esportivo-da-associacao-atletica-portuguesa-santos-sp-1921","status":"publish","type":"post","link":"https:\/\/arquivosfutebolbrasil.com.br\/blog\/2020\/03\/07\/festival-esportivo-da-associacao-atletica-portuguesa-santos-sp-1921\/","title":{"rendered":"Festival Esportivo da Associa\u00e7\u00e3o Atl\u00e9tica Portuguesa (Santos \u2013 SP) \u2013 1921"},"content":{"rendered":"\n<p>Data: 20 de Mar\u00e7o de 1921<br>Local: Santos \u2013 SP<\/p>\n\n\n\n<p>1\u00ba Quadros &#8211; Portuguesa (Santos)\u00a0\u00a0\u00a0\u00a0\u00a0\u00a0\u00a0\u00a0\u00a0\u00a0 1&#215;1 Americana (Santos)<br>1\u00ba Quadros &#8211; Espanha (Santos) 2&#215;0 Brasil (Santos)<br>1\u00ba Quadros &#8211; Am\u00e9rica (Santos)\u00a0 1&#215;0 SPR (Santos)<\/p>\n\n\n\n<p>Fonte: A Tribuna de Santos \u2013 SP<\/p>\n\r\n","protected":false},"excerpt":{"rendered":"<p>Data: 20 de Mar\u00e7o de 1921Local: Santos \u2013 SP 1\u00ba Quadros &#8211; Portuguesa (Santos)\u00a0\u00a0\u00a0\u00a0\u00a0\u00a0\u00a0\u00a0\u00a0\u00a0 1&#215;1 Americana (Santos)1\u00ba Quadros &#8211; Espanha (Santos) 2&#215;0 Brasil (Santos)1\u00ba Quadros &#8211; Am\u00e9rica (Santos)\u00a0 1&#215;0 SPR (Santos) Fonte: A Tribuna de Santos \u2013 SP<\/p>\n","protected":false},"author":2,"featured_media":0,"comment_status":"open","ping_status":"open","sticky":false,"template":"","format":"standard","meta":{"footnotes":""},"categories":[46,47,35],"tags":[],"class_list":["post-7341","post","type-post","status-publish","format-standard","hentry","category-jogos-amistosos-nacionais","category-jogos-historicos","category-sao-paulo"],"_links":{"self":[{"href":"https:\/\/arquivosfutebolbrasil.com.br\/blog\/wp-json\/wp\/v2\/posts\/7341"}],"collection":[{"href":"https:\/\/arquivosfutebolbrasil.com.br\/blog\/wp-json\/wp\/v2\/posts"}],"about":[{"href":"https:\/\/arquivosfutebolbrasil.com.br\/blog\/wp-json\/wp\/v2\/types\/post"}],"author":[{"embeddable":true,"href":"https:\/\/arquivosfutebolbrasil.com.br\/blog\/wp-json\/wp\/v2\/users\/2"}],"replies":[{"embeddable":true,"href":"https:\/\/arquivosfutebolbrasil.com.br\/blog\/wp-json\/wp\/v2\/comments?post=7341"}],"version-history":[{"count":1,"href":"https:\/\/arquivosfutebolbrasil.com.br\/blog\/wp-json\/wp\/v2\/posts\/7341\/revisions"}],"predecessor-version":[{"id":7342,"href":"https:\/\/arquivosfutebolbrasil.com.br\/blog\/wp-json\/wp\/v2\/posts\/7341\/revisions\/7342"}],"wp:attachment":[{"href":"https:\/\/arquivosfutebolbrasil.com.br\/blog\/wp-json\/wp\/v2\/media?parent=7341"}],"wp:term":[{"taxonomy":"category","embeddable":true,"href":"https:\/\/arquivosfutebolbrasil.com.br\/blog\/wp-json\/wp\/v2\/categories?post=7341"},{"taxonomy":"post_tag","embeddable":true,"href":"https:\/\/arquivosfutebolbrasil.com.br\/blog\/wp-json\/wp\/v2\/tags?post=7341"}],"curies":[{"name":"wp","href":"https:\/\/api.w.org\/{rel}","templated":true}]}}