{"id":7200,"date":"2020-02-26T08:34:59","date_gmt":"2020-02-26T11:34:59","guid":{"rendered":"https:\/\/arquivosfutebolbrasil.com.br\/blog\/?p=7200"},"modified":"2020-02-26T08:34:59","modified_gmt":"2020-02-26T11:34:59","slug":"festival-esportivo-da-associacao-atletica-sao-geraldo-sao-paulo-sp-1928","status":"publish","type":"post","link":"https:\/\/arquivosfutebolbrasil.com.br\/blog\/2020\/02\/26\/festival-esportivo-da-associacao-atletica-sao-geraldo-sao-paulo-sp-1928\/","title":{"rendered":"Festival Esportivo da Associa\u00e7\u00e3o Atl\u00e9tica S\u00e3o Geraldo (S\u00e3o Paulo &#8211; SP) &#8211; 1928"},"content":{"rendered":"\n<p>Data: 01 de abril de 1928<br>\nLocal: Campo da Rua Javari, em S\u00e3o Paulo &#8211; SP<\/p>\n\n\n\n<p>1\u00ba quadros &#8211; Uni\u00e3o Vasco da Gama 3&#215;0 Parque da Mo\u00f3ca<br>\n1\u00ba quadros &#8211; Castell\u00f5es 2&#215;2 Paulista de Aniagens<br>\n1\u00ba quadros &#8211; S\u00e3o Geraldo 1&#215;1 Uni\u00e3o Fluminense<\/p>\n\n\n\n<p>Fonte: Arquivos do Autor<\/p>\n\r\n","protected":false},"excerpt":{"rendered":"<p>Data: 01 de abril de 1928 Local: Campo da Rua Javari, em S\u00e3o Paulo &#8211; SP 1\u00ba quadros &#8211; Uni\u00e3o Vasco da Gama 3&#215;0 Parque da Mo\u00f3ca 1\u00ba quadros &#8211; Castell\u00f5es 2&#215;2 Paulista de Aniagens 1\u00ba quadros &#8211; S\u00e3o Geraldo 1&#215;1 Uni\u00e3o Fluminense Fonte: Arquivos do Autor<\/p>\n","protected":false},"author":2,"featured_media":0,"comment_status":"open","ping_status":"open","sticky":false,"template":"","format":"standard","meta":{"footnotes":""},"categories":[46,47,35],"tags":[],"class_list":["post-7200","post","type-post","status-publish","format-standard","hentry","category-jogos-amistosos-nacionais","category-jogos-historicos","category-sao-paulo"],"_links":{"self":[{"href":"https:\/\/arquivosfutebolbrasil.com.br\/blog\/wp-json\/wp\/v2\/posts\/7200"}],"collection":[{"href":"https:\/\/arquivosfutebolbrasil.com.br\/blog\/wp-json\/wp\/v2\/posts"}],"about":[{"href":"https:\/\/arquivosfutebolbrasil.com.br\/blog\/wp-json\/wp\/v2\/types\/post"}],"author":[{"embeddable":true,"href":"https:\/\/arquivosfutebolbrasil.com.br\/blog\/wp-json\/wp\/v2\/users\/2"}],"replies":[{"embeddable":true,"href":"https:\/\/arquivosfutebolbrasil.com.br\/blog\/wp-json\/wp\/v2\/comments?post=7200"}],"version-history":[{"count":1,"href":"https:\/\/arquivosfutebolbrasil.com.br\/blog\/wp-json\/wp\/v2\/posts\/7200\/revisions"}],"predecessor-version":[{"id":7201,"href":"https:\/\/arquivosfutebolbrasil.com.br\/blog\/wp-json\/wp\/v2\/posts\/7200\/revisions\/7201"}],"wp:attachment":[{"href":"https:\/\/arquivosfutebolbrasil.com.br\/blog\/wp-json\/wp\/v2\/media?parent=7200"}],"wp:term":[{"taxonomy":"category","embeddable":true,"href":"https:\/\/arquivosfutebolbrasil.com.br\/blog\/wp-json\/wp\/v2\/categories?post=7200"},{"taxonomy":"post_tag","embeddable":true,"href":"https:\/\/arquivosfutebolbrasil.com.br\/blog\/wp-json\/wp\/v2\/tags?post=7200"}],"curies":[{"name":"wp","href":"https:\/\/api.w.org\/{rel}","templated":true}]}}