{"id":6985,"date":"2020-02-25T06:12:00","date_gmt":"2020-02-25T09:12:00","guid":{"rendered":"https:\/\/arquivosfutebolbrasil.com.br\/blog\/?p=6985"},"modified":"2020-02-21T06:13:25","modified_gmt":"2020-02-21T09:13:25","slug":"torneio-inicio-de-florianopolis-sc-1960","status":"publish","type":"post","link":"https:\/\/arquivosfutebolbrasil.com.br\/blog\/2020\/02\/25\/torneio-inicio-de-florianopolis-sc-1960\/","title":{"rendered":"Torneio In\u00edcio de Florian\u00f3polis (SC) &#8211; 1960"},"content":{"rendered":"\n<p>Data: 06 de mar\u00e7o de 1960<br>\nLocal: Florian\u00f3polis &#8211; SC<\/p>\n\n\n\n<p>1\u00ba jogo &#8211; Bocai\u00fava 0x0 Paula Ramos (9&#215;8 pen)<br>\n2\u00ba jogo &#8211; Atl\u00e9tico 0x0 Tamandar\u00e9 (2&#215;1 pen)<br>\n3\u00ba jogo &#8211; Ava\u00ed 2&#215;1 Guarany<br>\n4\u00ba jogo &#8211; Bocai\u00fava 0x0 Figueirense (2&#215;0 pen)<br>\n5\u00ba jogo &#8211; Ava\u00ed 1&#215;1 Atl\u00e9tico (3&#215;2 pen)<br>\nFinal &#8211; Ava\u00ed 3&#215;1 Bocai\u00fava<\/p>\n\n\n\n<p>Campe\u00e3o &#8211; Ava\u00ed Futebol Clube (Florian\u00f3polis &#8211; SC)<\/p>\n\n\n\n<p>Fonte: O Estado \/ SC<\/p>\n\r\n","protected":false},"excerpt":{"rendered":"<p>Data: 06 de mar\u00e7o de 1960 Local: Florian\u00f3polis &#8211; SC 1\u00ba jogo &#8211; Bocai\u00fava 0x0 Paula Ramos (9&#215;8 pen) 2\u00ba jogo &#8211; Atl\u00e9tico 0x0 Tamandar\u00e9 (2&#215;1 pen) 3\u00ba jogo &#8211; Ava\u00ed 2&#215;1 Guarany 4\u00ba jogo &#8211; Bocai\u00fava 0x0 Figueirense (2&#215;0 pen) 5\u00ba jogo &#8211; Ava\u00ed 1&#215;1 Atl\u00e9tico (3&#215;2 pen) Final &#8211; Ava\u00ed 3&#215;1 Bocai\u00fava Campe\u00e3o [&hellip;]<\/p>\n","protected":false},"author":2,"featured_media":0,"comment_status":"open","ping_status":"open","sticky":false,"template":"","format":"standard","meta":{"footnotes":""},"categories":[48,36],"tags":[],"class_list":["post-6985","post","type-post","status-publish","format-standard","hentry","category-campeonatos-historicos","category-santa-catarina"],"_links":{"self":[{"href":"https:\/\/arquivosfutebolbrasil.com.br\/blog\/wp-json\/wp\/v2\/posts\/6985"}],"collection":[{"href":"https:\/\/arquivosfutebolbrasil.com.br\/blog\/wp-json\/wp\/v2\/posts"}],"about":[{"href":"https:\/\/arquivosfutebolbrasil.com.br\/blog\/wp-json\/wp\/v2\/types\/post"}],"author":[{"embeddable":true,"href":"https:\/\/arquivosfutebolbrasil.com.br\/blog\/wp-json\/wp\/v2\/users\/2"}],"replies":[{"embeddable":true,"href":"https:\/\/arquivosfutebolbrasil.com.br\/blog\/wp-json\/wp\/v2\/comments?post=6985"}],"version-history":[{"count":1,"href":"https:\/\/arquivosfutebolbrasil.com.br\/blog\/wp-json\/wp\/v2\/posts\/6985\/revisions"}],"predecessor-version":[{"id":6986,"href":"https:\/\/arquivosfutebolbrasil.com.br\/blog\/wp-json\/wp\/v2\/posts\/6985\/revisions\/6986"}],"wp:attachment":[{"href":"https:\/\/arquivosfutebolbrasil.com.br\/blog\/wp-json\/wp\/v2\/media?parent=6985"}],"wp:term":[{"taxonomy":"category","embeddable":true,"href":"https:\/\/arquivosfutebolbrasil.com.br\/blog\/wp-json\/wp\/v2\/categories?post=6985"},{"taxonomy":"post_tag","embeddable":true,"href":"https:\/\/arquivosfutebolbrasil.com.br\/blog\/wp-json\/wp\/v2\/tags?post=6985"}],"curies":[{"name":"wp","href":"https:\/\/api.w.org\/{rel}","templated":true}]}}