{"id":6979,"date":"2020-02-23T06:03:00","date_gmt":"2020-02-23T09:03:00","guid":{"rendered":"https:\/\/arquivosfutebolbrasil.com.br\/blog\/?p=6979"},"modified":"2020-02-21T06:04:19","modified_gmt":"2020-02-21T09:04:19","slug":"torneio-inicio-de-florianopolis-sc-juvenil-1960","status":"publish","type":"post","link":"https:\/\/arquivosfutebolbrasil.com.br\/blog\/2020\/02\/23\/torneio-inicio-de-florianopolis-sc-juvenil-1960\/","title":{"rendered":"Torneio In\u00edcio de Florian\u00f3polis (SC) &#8211; Juvenil &#8211; 1960"},"content":{"rendered":"\n<p>Data: 07 de agosto de 1960<br>\nLocal: Florian\u00f3polis &#8211; SC<\/p>\n\n\n\n<p>1\u00ba jogo &#8211; Figueirense W0x0 Paula Ramos<br>\n2\u00ba jogo &#8211; Guarany 1&#215;0 Bocai\u00fava<br>\n3\u00ba jogo &#8211; Ava\u00ed W0x0 Atl\u00e9tico<br>\n4\u00ba jogo &#8211; Guarany 2&#215;0 Figueirense<br>\nFinal &#8211; Guarany 1&#215;0 Ava\u00ed<\/p>\n\n\n\n<p>Campe\u00e3o &#8211; Gr\u00eamio Atl\u00e9tico Guarany (Florian\u00f3polis &#8211; SC)<\/p>\n\n\n\n<p>Fonte: O Estado \/ SC<\/p>\n\r\n","protected":false},"excerpt":{"rendered":"<p>Data: 07 de agosto de 1960 Local: Florian\u00f3polis &#8211; SC 1\u00ba jogo &#8211; Figueirense W0x0 Paula Ramos 2\u00ba jogo &#8211; Guarany 1&#215;0 Bocai\u00fava 3\u00ba jogo &#8211; Ava\u00ed W0x0 Atl\u00e9tico 4\u00ba jogo &#8211; Guarany 2&#215;0 Figueirense Final &#8211; Guarany 1&#215;0 Ava\u00ed Campe\u00e3o &#8211; Gr\u00eamio Atl\u00e9tico Guarany (Florian\u00f3polis &#8211; SC) Fonte: O Estado \/ SC<\/p>\n","protected":false},"author":2,"featured_media":0,"comment_status":"open","ping_status":"open","sticky":false,"template":"","format":"standard","meta":{"footnotes":""},"categories":[48,56,36],"tags":[],"class_list":["post-6979","post","type-post","status-publish","format-standard","hentry","category-campeonatos-historicos","category-futebol-categorias-de-base","category-santa-catarina"],"_links":{"self":[{"href":"https:\/\/arquivosfutebolbrasil.com.br\/blog\/wp-json\/wp\/v2\/posts\/6979"}],"collection":[{"href":"https:\/\/arquivosfutebolbrasil.com.br\/blog\/wp-json\/wp\/v2\/posts"}],"about":[{"href":"https:\/\/arquivosfutebolbrasil.com.br\/blog\/wp-json\/wp\/v2\/types\/post"}],"author":[{"embeddable":true,"href":"https:\/\/arquivosfutebolbrasil.com.br\/blog\/wp-json\/wp\/v2\/users\/2"}],"replies":[{"embeddable":true,"href":"https:\/\/arquivosfutebolbrasil.com.br\/blog\/wp-json\/wp\/v2\/comments?post=6979"}],"version-history":[{"count":1,"href":"https:\/\/arquivosfutebolbrasil.com.br\/blog\/wp-json\/wp\/v2\/posts\/6979\/revisions"}],"predecessor-version":[{"id":6980,"href":"https:\/\/arquivosfutebolbrasil.com.br\/blog\/wp-json\/wp\/v2\/posts\/6979\/revisions\/6980"}],"wp:attachment":[{"href":"https:\/\/arquivosfutebolbrasil.com.br\/blog\/wp-json\/wp\/v2\/media?parent=6979"}],"wp:term":[{"taxonomy":"category","embeddable":true,"href":"https:\/\/arquivosfutebolbrasil.com.br\/blog\/wp-json\/wp\/v2\/categories?post=6979"},{"taxonomy":"post_tag","embeddable":true,"href":"https:\/\/arquivosfutebolbrasil.com.br\/blog\/wp-json\/wp\/v2\/tags?post=6979"}],"curies":[{"name":"wp","href":"https:\/\/api.w.org\/{rel}","templated":true}]}}