{"id":6946,"date":"2020-02-27T06:32:00","date_gmt":"2020-02-27T09:32:00","guid":{"rendered":"https:\/\/arquivosfutebolbrasil.com.br\/blog\/?p=6946"},"modified":"2020-02-19T06:33:20","modified_gmt":"2020-02-19T09:33:20","slug":"torneio-inicio-de-lages-sc-1961","status":"publish","type":"post","link":"https:\/\/arquivosfutebolbrasil.com.br\/blog\/2020\/02\/27\/torneio-inicio-de-lages-sc-1961\/","title":{"rendered":"Torneio In\u00edcio de Lages (SC) \u2013 1961"},"content":{"rendered":"\n<p>Data: 21 de Abril de 1961<br>\nLocal: Lages &#8211; SC<\/p>\n\n\n\n<p>1\u00ba Jogo &#8211; Internacional    2&#215;0 Independente<br>\n2\u00ba Jogo &#8211; Guarany    0x0 Cruzeiro (4&#215;2 pen)<br>\n3\u00ba Jogo &#8211; Internacional     1&#215;0 Vasco da Gama<br>\nFinal &#8211; Guarany    2&#215;1 Internacional<\/p>\n\n\n\n<p>Campe\u00e3o &#8211; Gr\u00eamio Atl\u00e9tico Guarany (Lages &#8211; SC)<\/p>\n\n\n\n<p>Fonte: Correio Lageano \/ SC<\/p>\n\r\n","protected":false},"excerpt":{"rendered":"<p>Data: 21 de Abril de 1961 Local: Lages &#8211; SC 1\u00ba Jogo &#8211; Internacional 2&#215;0 Independente 2\u00ba Jogo &#8211; Guarany 0x0 Cruzeiro (4&#215;2 pen) 3\u00ba Jogo &#8211; Internacional 1&#215;0 Vasco da Gama Final &#8211; Guarany 2&#215;1 Internacional Campe\u00e3o &#8211; Gr\u00eamio Atl\u00e9tico Guarany (Lages &#8211; SC) Fonte: Correio Lageano \/ SC<\/p>\n","protected":false},"author":2,"featured_media":0,"comment_status":"open","ping_status":"open","sticky":false,"template":"","format":"standard","meta":{"footnotes":""},"categories":[48,36],"tags":[],"class_list":["post-6946","post","type-post","status-publish","format-standard","hentry","category-campeonatos-historicos","category-santa-catarina"],"_links":{"self":[{"href":"https:\/\/arquivosfutebolbrasil.com.br\/blog\/wp-json\/wp\/v2\/posts\/6946"}],"collection":[{"href":"https:\/\/arquivosfutebolbrasil.com.br\/blog\/wp-json\/wp\/v2\/posts"}],"about":[{"href":"https:\/\/arquivosfutebolbrasil.com.br\/blog\/wp-json\/wp\/v2\/types\/post"}],"author":[{"embeddable":true,"href":"https:\/\/arquivosfutebolbrasil.com.br\/blog\/wp-json\/wp\/v2\/users\/2"}],"replies":[{"embeddable":true,"href":"https:\/\/arquivosfutebolbrasil.com.br\/blog\/wp-json\/wp\/v2\/comments?post=6946"}],"version-history":[{"count":1,"href":"https:\/\/arquivosfutebolbrasil.com.br\/blog\/wp-json\/wp\/v2\/posts\/6946\/revisions"}],"predecessor-version":[{"id":6947,"href":"https:\/\/arquivosfutebolbrasil.com.br\/blog\/wp-json\/wp\/v2\/posts\/6946\/revisions\/6947"}],"wp:attachment":[{"href":"https:\/\/arquivosfutebolbrasil.com.br\/blog\/wp-json\/wp\/v2\/media?parent=6946"}],"wp:term":[{"taxonomy":"category","embeddable":true,"href":"https:\/\/arquivosfutebolbrasil.com.br\/blog\/wp-json\/wp\/v2\/categories?post=6946"},{"taxonomy":"post_tag","embeddable":true,"href":"https:\/\/arquivosfutebolbrasil.com.br\/blog\/wp-json\/wp\/v2\/tags?post=6946"}],"curies":[{"name":"wp","href":"https:\/\/api.w.org\/{rel}","templated":true}]}}