{"id":6860,"date":"2020-02-20T19:51:00","date_gmt":"2020-02-20T22:51:00","guid":{"rendered":"https:\/\/arquivosfutebolbrasil.com.br\/blog\/?p=6860"},"modified":"2020-02-17T19:54:25","modified_gmt":"2020-02-17T22:54:25","slug":"taca-cidade-de-natal-rn-1972","status":"publish","type":"post","link":"https:\/\/arquivosfutebolbrasil.com.br\/blog\/2020\/02\/20\/taca-cidade-de-natal-rn-1972\/","title":{"rendered":"Ta\u00e7a Cidade de Natal (RN) \u2013 1972"},"content":{"rendered":"\n<p><strong>Equipes Participantes:<\/strong><\/p>\n\n\n\n<p>ABC Futebol Clube (Natal)<br>\nAlecrim Futebol Clube (Natal)<br>\nAm\u00e9rica Futebol Clube (Natal)<br>\nCentro Esportivo For\u00e7a e Luz    (Natal)<br>\nClube Atl\u00e9tico Potiguar (Natal)<br>\nFerrovi\u00e1rio Esporte Clube (Natal)<br>\nRiachuelo Atl\u00e9tico Clube (Natal)<\/p>\n\n\n\n<p><strong>Turno \u00danico<\/strong><\/p>\n\n\n\n<p>16.01.1972    <br>\nABC          4&#215;2 Ferrovi\u00e1rio<br>\nAlecrim     2&#215;2 Atl\u00e9tico<br>\n19.01.1972    <br>\nFor\u00e7a e Luz    1&#215;0 Riachuelo<br>\nAm\u00e9rica     3&#215;0 Atl\u00e9tico<br>\n23.01.1972    <br>\nAm\u00e9rica     1&#215;0 Ferrovi\u00e1rio<br>\nABC         1&#215;0 For\u00e7a e Luz<br>\n26.01.1972    <br>\nAlecrim     5&#215;1 Riachuelo<br>\nAtl\u00e9tico    2&#215;0 Ferrovi\u00e1rio<br>\n30.01.1972    <br>\nAlecrim     1&#215;0 ABC<br>\nAtl\u00e9tico    1&#215;0 For\u00e7a e Luz<br>\n02.02.1972    <br>\nRiachuelo    1&#215;1 Ferrovi\u00e1rio<br>\nAm\u00e9rica     2&#215;1 For\u00e7a e Luz<br>\n06.02.1972    <br>\nABC         4&#215;1 Riachuelo<br>\nAm\u00e9rica     1&#215;1 Alecrim<br>\n09.02.1972    <br>\nFor\u00e7a e Luz    2&#215;2 Alecrim<br>\nABC         1&#215;0 Atl\u00e9tico<br>\n20.02.1972    <br>\nFor\u00e7a e Luz    5&#215;0 Ferrovi\u00e1rio<br>\nAm\u00e9rica     1&#215;0 Riachuelo<br>\n23.02.1972    <br>\nAlecrim     3&#215;1 Ferrovi\u00e1rio<br>\nAtl\u00e9tico    3&#215;1 Riachuelo<br>\n27.02.1972    <br>\nAm\u00e9rica     0x0 ABC<\/p>\n\n\n\n<pre class=\"wp-block-code\"><code>             J  V   E   D   GP  GC  PG<\/code><\/pre>\n\n\n\n<p>01\u00ba    Am\u00e9rica     06  04  02  00  08  02  10<br>\n02\u00ba    ABC             06  04  01  01  10  04  09<br>\n03\u00ba    Alecrim     06  03  03  00  14  07  09<br>\n04\u00ba    Atl\u00e9tico    06  03  01  02  08  07  07<br>\n05\u00ba    For\u00e7a e Luz 06  02  01  03  09  06  05<br>\n06\u00ba    Ferrovi\u00e1rio 06  00  01  05  04  16  01<br>\n07\u00ba    Riachuelo   06  00  01  05  04  15  01<\/p>\n\n\n\n<p>Campe\u00e3o &#8211; Am\u00e9rica Futebol Clube (Natal &#8211; RN)<\/p>\n\n\n\n<p>Fonte: Marcos Trindade \/ RN e Di\u00e1rio de Natal<\/p>\n\r\n","protected":false},"excerpt":{"rendered":"<p>Equipes Participantes: ABC Futebol Clube (Natal) Alecrim Futebol Clube (Natal) Am\u00e9rica Futebol Clube (Natal) Centro Esportivo For\u00e7a e Luz (Natal) Clube Atl\u00e9tico Potiguar (Natal) Ferrovi\u00e1rio Esporte Clube (Natal) Riachuelo Atl\u00e9tico Clube (Natal) Turno \u00danico 16.01.1972 ABC 4&#215;2 Ferrovi\u00e1rio Alecrim 2&#215;2 Atl\u00e9tico 19.01.1972 For\u00e7a e Luz 1&#215;0 Riachuelo Am\u00e9rica 3&#215;0 Atl\u00e9tico 23.01.1972 Am\u00e9rica 1&#215;0 Ferrovi\u00e1rio ABC [&hellip;]<\/p>\n","protected":false},"author":2,"featured_media":0,"comment_status":"open","ping_status":"open","sticky":false,"template":"","format":"standard","meta":{"footnotes":""},"categories":[48,31],"tags":[],"class_list":["post-6860","post","type-post","status-publish","format-standard","hentry","category-campeonatos-historicos","category-rio-grande-do-norte"],"_links":{"self":[{"href":"https:\/\/arquivosfutebolbrasil.com.br\/blog\/wp-json\/wp\/v2\/posts\/6860"}],"collection":[{"href":"https:\/\/arquivosfutebolbrasil.com.br\/blog\/wp-json\/wp\/v2\/posts"}],"about":[{"href":"https:\/\/arquivosfutebolbrasil.com.br\/blog\/wp-json\/wp\/v2\/types\/post"}],"author":[{"embeddable":true,"href":"https:\/\/arquivosfutebolbrasil.com.br\/blog\/wp-json\/wp\/v2\/users\/2"}],"replies":[{"embeddable":true,"href":"https:\/\/arquivosfutebolbrasil.com.br\/blog\/wp-json\/wp\/v2\/comments?post=6860"}],"version-history":[{"count":1,"href":"https:\/\/arquivosfutebolbrasil.com.br\/blog\/wp-json\/wp\/v2\/posts\/6860\/revisions"}],"predecessor-version":[{"id":6861,"href":"https:\/\/arquivosfutebolbrasil.com.br\/blog\/wp-json\/wp\/v2\/posts\/6860\/revisions\/6861"}],"wp:attachment":[{"href":"https:\/\/arquivosfutebolbrasil.com.br\/blog\/wp-json\/wp\/v2\/media?parent=6860"}],"wp:term":[{"taxonomy":"category","embeddable":true,"href":"https:\/\/arquivosfutebolbrasil.com.br\/blog\/wp-json\/wp\/v2\/categories?post=6860"},{"taxonomy":"post_tag","embeddable":true,"href":"https:\/\/arquivosfutebolbrasil.com.br\/blog\/wp-json\/wp\/v2\/tags?post=6860"}],"curies":[{"name":"wp","href":"https:\/\/api.w.org\/{rel}","templated":true}]}}