{"id":6830,"date":"2020-02-17T17:09:24","date_gmt":"2020-02-17T20:09:24","guid":{"rendered":"https:\/\/arquivosfutebolbrasil.com.br\/blog\/?p=6830"},"modified":"2020-02-17T17:09:25","modified_gmt":"2020-02-17T20:09:25","slug":"campeonato-citadino-de-paranagua-pr-1949","status":"publish","type":"post","link":"https:\/\/arquivosfutebolbrasil.com.br\/blog\/2020\/02\/17\/campeonato-citadino-de-paranagua-pr-1949\/","title":{"rendered":"Campeonato Citadino de Paranagu\u00e1 (PR) \u2013 1949"},"content":{"rendered":"\n<p><strong>Equipes Participantes:<\/strong><\/p>\n\n\n\n<p>Associa\u00e7\u00e3o Atl\u00e9tica Estiva (Paranagu\u00e1)<br> Clube Atl\u00e9tico Seleto (Paranagu\u00e1)<br> Elite Futebol Clube (Paranagu\u00e1)<br> Paranagu\u00e1 Esporte Clube (Paranagu\u00e1)<br> Rio Branco Sport Club (Paranagu\u00e1)<\/p>\n\n\n\n<p><strong>1\u00ba Turno<\/strong><\/p>\n\n\n\n<p>15.05.1949    <br>\nElite       2&#215;1 Estiva<br>\nParanagu\u00e1    7&#215;1 Elite<br>\n22.05.1949<br>\nRio Branco    1&#215;1 Estiva<br>\n29.05.1949<br>\nSeleto       3&#215;0 Elite<br>\n05.06.1949<br>\nRio Branco    5&#215;3 Paranagu\u00e1<br>\n12.06.1949<br>\nSeleto            3&#215;1 Estiva<br>\n19.06.1949<br>\nRio Branco    4&#215;2 Elite<br>\n26.06.1949<br>\nSeleto       1&#215;0 Rio Branco<br>\n10.07.1949<br>\nSeleto      1&#215;0 Paranagu\u00e1<br>\n17.07.1949<br>\nParanagu\u00e1    3&#215;0 Estiva<\/p>\n\n\n\n<p><strong>2\u00ba Turno<\/strong><\/p>\n\n\n\n<p>07.08.1949<br>\nSeleto         10&#215;2    Estiva<br>\n14.08.1949<br>\nParanagu\u00e1    2&#215;0 Elite<br>\n21.08.1949<br>\nRio Branco    3&#215;1 Estiva<br>\n28.08.1949<br>\nSeleto      4&#215;1 Elite<br>\n04.09.1949<br>\nParanagu\u00e1    3&#215;2 Rio Branco<br>\n11.09.1949<br>\nEstiva      2&#215;1 Elite<br>\n18.09.1949<br>\nSeleto      3&#215;0 Paranagu\u00e1<br>\n25.09.1949<br>\nElite            2&#215;1 Rio Branco<br>\n02.10.1949<br>\nParanagu\u00e1    3&#215;2 Estiva<br>\n23.10.1949<br>\nSeleto      2&#215;2 Rio Branco<\/p>\n\n\n\n<pre class=\"wp-block-code\"><code>             J  V   E   D   GP  GC  PG<\/code><\/pre>\n\n\n\n<p>01\u00ba    Seleto      08  07  01  00  27  06  15<br>\n02\u00ba    Paranagu\u00e1   08  05  00  03  21  14  10<br>\n03\u00ba    Rio Branco  08  03  02  03  18  15  08<br>\n04\u00ba    Elite       08  02  00  06  09  24  04<br>\n05\u00ba    Estiva          08  01  01  06  10  26  03<\/p>\n\n\n\n<p>Campe\u00e3o &#8211; Clube Atl\u00e9tico Seleto (Paranagu\u00e1 &#8211; PR)<\/p>\n\n\n\n<p>Fonte: Gazeta Esportiva \/ SP<\/p>\n\r\n","protected":false},"excerpt":{"rendered":"<p>Equipes Participantes: Associa\u00e7\u00e3o Atl\u00e9tica Estiva (Paranagu\u00e1) Clube Atl\u00e9tico Seleto (Paranagu\u00e1) Elite Futebol Clube (Paranagu\u00e1) Paranagu\u00e1 Esporte Clube (Paranagu\u00e1) Rio Branco Sport Club (Paranagu\u00e1) 1\u00ba Turno 15.05.1949 Elite 2&#215;1 Estiva Paranagu\u00e1 7&#215;1 Elite 22.05.1949 Rio Branco 1&#215;1 Estiva 29.05.1949 Seleto 3&#215;0 Elite 05.06.1949 Rio Branco 5&#215;3 Paranagu\u00e1 12.06.1949 Seleto 3&#215;1 Estiva 19.06.1949 Rio Branco 4&#215;2 Elite [&hellip;]<\/p>\n","protected":false},"author":2,"featured_media":0,"comment_status":"open","ping_status":"open","sticky":false,"template":"","format":"standard","meta":{"footnotes":""},"categories":[48,25],"tags":[],"class_list":["post-6830","post","type-post","status-publish","format-standard","hentry","category-campeonatos-historicos","category-parana"],"_links":{"self":[{"href":"https:\/\/arquivosfutebolbrasil.com.br\/blog\/wp-json\/wp\/v2\/posts\/6830"}],"collection":[{"href":"https:\/\/arquivosfutebolbrasil.com.br\/blog\/wp-json\/wp\/v2\/posts"}],"about":[{"href":"https:\/\/arquivosfutebolbrasil.com.br\/blog\/wp-json\/wp\/v2\/types\/post"}],"author":[{"embeddable":true,"href":"https:\/\/arquivosfutebolbrasil.com.br\/blog\/wp-json\/wp\/v2\/users\/2"}],"replies":[{"embeddable":true,"href":"https:\/\/arquivosfutebolbrasil.com.br\/blog\/wp-json\/wp\/v2\/comments?post=6830"}],"version-history":[{"count":1,"href":"https:\/\/arquivosfutebolbrasil.com.br\/blog\/wp-json\/wp\/v2\/posts\/6830\/revisions"}],"predecessor-version":[{"id":6831,"href":"https:\/\/arquivosfutebolbrasil.com.br\/blog\/wp-json\/wp\/v2\/posts\/6830\/revisions\/6831"}],"wp:attachment":[{"href":"https:\/\/arquivosfutebolbrasil.com.br\/blog\/wp-json\/wp\/v2\/media?parent=6830"}],"wp:term":[{"taxonomy":"category","embeddable":true,"href":"https:\/\/arquivosfutebolbrasil.com.br\/blog\/wp-json\/wp\/v2\/categories?post=6830"},{"taxonomy":"post_tag","embeddable":true,"href":"https:\/\/arquivosfutebolbrasil.com.br\/blog\/wp-json\/wp\/v2\/tags?post=6830"}],"curies":[{"name":"wp","href":"https:\/\/api.w.org\/{rel}","templated":true}]}}