{"id":6814,"date":"2020-02-24T16:55:00","date_gmt":"2020-02-24T19:55:00","guid":{"rendered":"https:\/\/arquivosfutebolbrasil.com.br\/blog\/?p=6814"},"modified":"2020-02-17T16:58:07","modified_gmt":"2020-02-17T19:58:07","slug":"torneio-inicio-liga-esportiva-regional-iguacu-pr-1950","status":"publish","type":"post","link":"https:\/\/arquivosfutebolbrasil.com.br\/blog\/2020\/02\/24\/torneio-inicio-liga-esportiva-regional-iguacu-pr-1950\/","title":{"rendered":"Torneio In\u00edcio \u2013 Liga Esportiva Regional Igua\u00e7u (PR) \u2013 1950"},"content":{"rendered":"\n<p>Data: 26 de Mar\u00e7o de 1950<br>\nLocal: Uni\u00e3o da Vit\u00f3ria &#8211; PR<\/p>\n\n\n\n<p>Obs.: Esta Liga \u00e9 baseada em Uni\u00e3o da Vit\u00f3ria e todos os clubes tem sede nesta cidade<\/p>\n\n\n\n<p>1\u00ba Jogo &#8211; Uni\u00e3o 0x0 S\u00e3o Bernardo<br>\n2\u00ba Jogo &#8211; S\u00e3o Bernardo 1&#215;0 Ferrovi\u00e1rio<br>\n3\u00ba Jogo &#8211; Uni\u00e3o 1&#215;0 Ferrovi\u00e1rio<br>\nFinal   &#8211; Uni\u00e3o 2&#215;0 S\u00e3o Bernardo<\/p>\n\n\n\n<p>Campe\u00e3o &#8211; Uni\u00e3o Esporte Clube (Uni\u00e3o da Vit\u00f3ria &#8211; PR)<\/p>\n\n\n\n<p>Fonte: Gazeta Esportiva &#8211; SP<\/p>\n\r\n","protected":false},"excerpt":{"rendered":"<p>Data: 26 de Mar\u00e7o de 1950 Local: Uni\u00e3o da Vit\u00f3ria &#8211; PR Obs.: Esta Liga \u00e9 baseada em Uni\u00e3o da Vit\u00f3ria e todos os clubes tem sede nesta cidade 1\u00ba Jogo &#8211; Uni\u00e3o 0x0 S\u00e3o Bernardo 2\u00ba Jogo &#8211; S\u00e3o Bernardo 1&#215;0 Ferrovi\u00e1rio 3\u00ba Jogo &#8211; Uni\u00e3o 1&#215;0 Ferrovi\u00e1rio Final &#8211; Uni\u00e3o 2&#215;0 S\u00e3o Bernardo [&hellip;]<\/p>\n","protected":false},"author":2,"featured_media":0,"comment_status":"open","ping_status":"open","sticky":false,"template":"","format":"standard","meta":{"footnotes":""},"categories":[48,25],"tags":[],"class_list":["post-6814","post","type-post","status-publish","format-standard","hentry","category-campeonatos-historicos","category-parana"],"_links":{"self":[{"href":"https:\/\/arquivosfutebolbrasil.com.br\/blog\/wp-json\/wp\/v2\/posts\/6814"}],"collection":[{"href":"https:\/\/arquivosfutebolbrasil.com.br\/blog\/wp-json\/wp\/v2\/posts"}],"about":[{"href":"https:\/\/arquivosfutebolbrasil.com.br\/blog\/wp-json\/wp\/v2\/types\/post"}],"author":[{"embeddable":true,"href":"https:\/\/arquivosfutebolbrasil.com.br\/blog\/wp-json\/wp\/v2\/users\/2"}],"replies":[{"embeddable":true,"href":"https:\/\/arquivosfutebolbrasil.com.br\/blog\/wp-json\/wp\/v2\/comments?post=6814"}],"version-history":[{"count":1,"href":"https:\/\/arquivosfutebolbrasil.com.br\/blog\/wp-json\/wp\/v2\/posts\/6814\/revisions"}],"predecessor-version":[{"id":6815,"href":"https:\/\/arquivosfutebolbrasil.com.br\/blog\/wp-json\/wp\/v2\/posts\/6814\/revisions\/6815"}],"wp:attachment":[{"href":"https:\/\/arquivosfutebolbrasil.com.br\/blog\/wp-json\/wp\/v2\/media?parent=6814"}],"wp:term":[{"taxonomy":"category","embeddable":true,"href":"https:\/\/arquivosfutebolbrasil.com.br\/blog\/wp-json\/wp\/v2\/categories?post=6814"},{"taxonomy":"post_tag","embeddable":true,"href":"https:\/\/arquivosfutebolbrasil.com.br\/blog\/wp-json\/wp\/v2\/tags?post=6814"}],"curies":[{"name":"wp","href":"https:\/\/api.w.org\/{rel}","templated":true}]}}