{"id":6766,"date":"2020-02-17T15:57:58","date_gmt":"2020-02-17T18:57:58","guid":{"rendered":"https:\/\/arquivosfutebolbrasil.com.br\/blog\/?p=6766"},"modified":"2020-02-17T15:57:59","modified_gmt":"2020-02-17T18:57:59","slug":"festival-esportivo-em-homenagem-ao-general-flores-da-cunha-rs-1934","status":"publish","type":"post","link":"https:\/\/arquivosfutebolbrasil.com.br\/blog\/2020\/02\/17\/festival-esportivo-em-homenagem-ao-general-flores-da-cunha-rs-1934\/","title":{"rendered":"Festival Esportivo em Homenagem ao General Flores da Cunha (RS) \u2013 1934"},"content":{"rendered":"\n<p>Data: 01 de Julho de 1934<br>\nLocal: Porto Alegre &#8211; RS<\/p>\n\n\n\n<p>1\u00ba Jogo &#8211; Internacional 1&#215;0 S\u00e3o Jos\u00e9<br>\n2\u00ba Jogo &#8211; For\u00e7a e Luz    1&#215;0 Americano<br>\n3\u00ba Jogo &#8211; Cruzeiro 1&#215;0 Porto Alegre<br>\n4\u00ba Jogo &#8211; For\u00e7a e Luz    1&#215;0 Cruzeiro<br>\nFinal &#8211; Internacional 2&#215;0 For\u00e7a e Luz<\/p>\n\n\n\n<p>Campe\u00e3o &#8211; Sport Club Internacional (Porto Alegre &#8211; RX)<\/p>\n\n\n\n<p>Fonte: A Federa\u00e7\u00e3o \/ RS<\/p>\n\r\n","protected":false},"excerpt":{"rendered":"<p>Data: 01 de Julho de 1934 Local: Porto Alegre &#8211; RS 1\u00ba Jogo &#8211; Internacional 1&#215;0 S\u00e3o Jos\u00e9 2\u00ba Jogo &#8211; For\u00e7a e Luz 1&#215;0 Americano 3\u00ba Jogo &#8211; Cruzeiro 1&#215;0 Porto Alegre 4\u00ba Jogo &#8211; For\u00e7a e Luz 1&#215;0 Cruzeiro Final &#8211; Internacional 2&#215;0 For\u00e7a e Luz Campe\u00e3o &#8211; Sport Club Internacional (Porto Alegre [&hellip;]<\/p>\n","protected":false},"author":2,"featured_media":0,"comment_status":"open","ping_status":"open","sticky":false,"template":"","format":"standard","meta":{"footnotes":""},"categories":[48,32],"tags":[],"class_list":["post-6766","post","type-post","status-publish","format-standard","hentry","category-campeonatos-historicos","category-rio-grande-do-sul"],"_links":{"self":[{"href":"https:\/\/arquivosfutebolbrasil.com.br\/blog\/wp-json\/wp\/v2\/posts\/6766"}],"collection":[{"href":"https:\/\/arquivosfutebolbrasil.com.br\/blog\/wp-json\/wp\/v2\/posts"}],"about":[{"href":"https:\/\/arquivosfutebolbrasil.com.br\/blog\/wp-json\/wp\/v2\/types\/post"}],"author":[{"embeddable":true,"href":"https:\/\/arquivosfutebolbrasil.com.br\/blog\/wp-json\/wp\/v2\/users\/2"}],"replies":[{"embeddable":true,"href":"https:\/\/arquivosfutebolbrasil.com.br\/blog\/wp-json\/wp\/v2\/comments?post=6766"}],"version-history":[{"count":1,"href":"https:\/\/arquivosfutebolbrasil.com.br\/blog\/wp-json\/wp\/v2\/posts\/6766\/revisions"}],"predecessor-version":[{"id":6767,"href":"https:\/\/arquivosfutebolbrasil.com.br\/blog\/wp-json\/wp\/v2\/posts\/6766\/revisions\/6767"}],"wp:attachment":[{"href":"https:\/\/arquivosfutebolbrasil.com.br\/blog\/wp-json\/wp\/v2\/media?parent=6766"}],"wp:term":[{"taxonomy":"category","embeddable":true,"href":"https:\/\/arquivosfutebolbrasil.com.br\/blog\/wp-json\/wp\/v2\/categories?post=6766"},{"taxonomy":"post_tag","embeddable":true,"href":"https:\/\/arquivosfutebolbrasil.com.br\/blog\/wp-json\/wp\/v2\/tags?post=6766"}],"curies":[{"name":"wp","href":"https:\/\/api.w.org\/{rel}","templated":true}]}}