{"id":6762,"date":"2020-02-23T06:41:00","date_gmt":"2020-02-23T09:41:00","guid":{"rendered":"https:\/\/arquivosfutebolbrasil.com.br\/blog\/?p=6762"},"modified":"2020-02-17T06:43:30","modified_gmt":"2020-02-17T09:43:30","slug":"torneio-inicio-potiguar-de-futsal-1960","status":"publish","type":"post","link":"https:\/\/arquivosfutebolbrasil.com.br\/blog\/2020\/02\/23\/torneio-inicio-potiguar-de-futsal-1960\/","title":{"rendered":"Torneio In\u00edcio Potiguar de Futsal \u2013 1960"},"content":{"rendered":"\n<p>Data: 23 de Agosto de 1960<br>Local: Gin\u00e1sio do Instituto de Educa\u00e7\u00e3o, em Natal &#8211; RN<\/p>\n\n\n\n<p>1\u00ba Jogo &#8211; Am\u00e9rica \u00a0\u00a0\u00a0\u00a0 0x0\u00a0\u00a0\u00a0\u00a0\u00a0 Potiguar (4&#215;2 pen)<br>2\u00ba Jogo &#8211; Bola Preta\u00a0\u00a0 4&#215;0\u00a0\u00a0\u00a0\u00a0\u00a0 Assen<br>3\u00ba Jogo &#8211; ABC\u00a0\u00a0\u00a0\u00a0 \u00a0\u00a0\u00a0\u00a0\u00a0\u00a0\u00a0 2&#215;1\u00a0\u00a0\u00a0\u00a0\u00a0 Riachuelo<br>4\u00ba Jogo &#8211; Atl\u00e9tico\u00a0\u00a0\u00a0\u00a0\u00a0\u00a0\u00a0 2&#215;1\u00a0\u00a0\u00a0\u00a0\u00a0 Santa Cruz<br>5\u00ba Jogo &#8211; Ubspt\u00a0\u00a0 \u00a0\u00a0\u00a0\u00a0\u00a0\u00a0\u00a0 1&#215;0\u00a0\u00a0\u00a0\u00a0\u00a0 Internacional<br>6\u00ba Jogo &#8211; Sesc\u00a0\u00a0\u00a0 \u00a0\u00a0\u00a0\u00a0\u00a0\u00a0\u00a0\u00a0 1&#215;0\u00a0\u00a0\u00a0\u00a0\u00a0 Aero Clube<br>7\u00ba Jogo &#8211; Am\u00e9rica \u00a0\u00a0\u00a0\u00a0 1&#215;0\u00a0\u00a0\u00a0\u00a0\u00a0 Alecrim<br>8\u00ba Jogo &#8211; ABC\u00a0\u00a0\u00a0\u00a0 \u00a0\u00a0\u00a0\u00a0\u00a0\u00a0\u00a0 2&#215;1\u00a0\u00a0\u00a0\u00a0\u00a0 Bola Preta<br>9\u00ba Jogo &#8211; Atl\u00e9tico\u00a0\u00a0\u00a0\u00a0\u00a0\u00a0\u00a0 1&#215;0\u00a0\u00a0\u00a0\u00a0\u00a0 Ubspt<br>10\u00ba Jogo &#8211; Am\u00e9rica\u00a0\u00a0\u00a0 2&#215;0\u00a0\u00a0\u00a0\u00a0\u00a0 Sesc<br>11\u00ba Jogo &#8211; Atl\u00e9tico\u00a0\u00a0\u00a0\u00a0\u00a0 0x0\u00a0\u00a0\u00a0\u00a0\u00a0 ABC (1&#215;0 pen)<br>Final &#8211; Am\u00e9rica \u00a0\u00a0\u00a0\u00a0\u00a0\u00a0\u00a0\u00a0\u00a0 1&#215;0\u00a0\u00a0\u00a0\u00a0\u00a0 Atl\u00e9tico<\/p>\n\n\n\n<p>Campe\u00e3o &#8211; Am\u00e9rica Futebol Clube (Natal &#8211; RN)<\/p>\n\n\n\n<p>Fonte: Di\u00e1rio de Natal &#8211; RN<\/p>\n\r\n","protected":false},"excerpt":{"rendered":"<p>Data: 23 de Agosto de 1960Local: Gin\u00e1sio do Instituto de Educa\u00e7\u00e3o, em Natal &#8211; RN 1\u00ba Jogo &#8211; Am\u00e9rica \u00a0\u00a0\u00a0\u00a0 0x0\u00a0\u00a0\u00a0\u00a0\u00a0 Potiguar (4&#215;2 pen)2\u00ba Jogo &#8211; Bola Preta\u00a0\u00a0 4&#215;0\u00a0\u00a0\u00a0\u00a0\u00a0 Assen3\u00ba Jogo &#8211; ABC\u00a0\u00a0\u00a0\u00a0 \u00a0\u00a0\u00a0\u00a0\u00a0\u00a0\u00a0 2&#215;1\u00a0\u00a0\u00a0\u00a0\u00a0 Riachuelo4\u00ba Jogo &#8211; Atl\u00e9tico\u00a0\u00a0\u00a0\u00a0\u00a0\u00a0\u00a0 2&#215;1\u00a0\u00a0\u00a0\u00a0\u00a0 Santa Cruz5\u00ba Jogo &#8211; Ubspt\u00a0\u00a0 \u00a0\u00a0\u00a0\u00a0\u00a0\u00a0\u00a0 1&#215;0\u00a0\u00a0\u00a0\u00a0\u00a0 Internacional6\u00ba Jogo &#8211; Sesc\u00a0\u00a0\u00a0 \u00a0\u00a0\u00a0\u00a0\u00a0\u00a0\u00a0\u00a0 1&#215;0\u00a0\u00a0\u00a0\u00a0\u00a0 Aero Clube7\u00ba [&hellip;]<\/p>\n","protected":false},"author":2,"featured_media":0,"comment_status":"open","ping_status":"open","sticky":false,"template":"","format":"standard","meta":{"footnotes":""},"categories":[48,51,31],"tags":[],"class_list":["post-6762","post","type-post","status-publish","format-standard","hentry","category-campeonatos-historicos","category-futebol-de-praia-futsal","category-rio-grande-do-norte"],"_links":{"self":[{"href":"https:\/\/arquivosfutebolbrasil.com.br\/blog\/wp-json\/wp\/v2\/posts\/6762"}],"collection":[{"href":"https:\/\/arquivosfutebolbrasil.com.br\/blog\/wp-json\/wp\/v2\/posts"}],"about":[{"href":"https:\/\/arquivosfutebolbrasil.com.br\/blog\/wp-json\/wp\/v2\/types\/post"}],"author":[{"embeddable":true,"href":"https:\/\/arquivosfutebolbrasil.com.br\/blog\/wp-json\/wp\/v2\/users\/2"}],"replies":[{"embeddable":true,"href":"https:\/\/arquivosfutebolbrasil.com.br\/blog\/wp-json\/wp\/v2\/comments?post=6762"}],"version-history":[{"count":1,"href":"https:\/\/arquivosfutebolbrasil.com.br\/blog\/wp-json\/wp\/v2\/posts\/6762\/revisions"}],"predecessor-version":[{"id":6763,"href":"https:\/\/arquivosfutebolbrasil.com.br\/blog\/wp-json\/wp\/v2\/posts\/6762\/revisions\/6763"}],"wp:attachment":[{"href":"https:\/\/arquivosfutebolbrasil.com.br\/blog\/wp-json\/wp\/v2\/media?parent=6762"}],"wp:term":[{"taxonomy":"category","embeddable":true,"href":"https:\/\/arquivosfutebolbrasil.com.br\/blog\/wp-json\/wp\/v2\/categories?post=6762"},{"taxonomy":"post_tag","embeddable":true,"href":"https:\/\/arquivosfutebolbrasil.com.br\/blog\/wp-json\/wp\/v2\/tags?post=6762"}],"curies":[{"name":"wp","href":"https:\/\/api.w.org\/{rel}","templated":true}]}}