{"id":6700,"date":"2020-02-26T21:03:00","date_gmt":"2020-02-27T00:03:00","guid":{"rendered":"https:\/\/arquivosfutebolbrasil.com.br\/blog\/?p=6700"},"modified":"2020-02-16T21:06:16","modified_gmt":"2020-02-17T00:06:16","slug":"torneio-relampago-carioca-federacao-atletica-suburbana-1943","status":"publish","type":"post","link":"https:\/\/arquivosfutebolbrasil.com.br\/blog\/2020\/02\/26\/torneio-relampago-carioca-federacao-atletica-suburbana-1943\/","title":{"rendered":"Torneio Rel\u00e2mpago Carioca \u2013 Federa\u00e7\u00e3o Atl\u00e9tica Suburbana \u2013 1943"},"content":{"rendered":"\n<p>Data: 06 de Fevereiro de 1943<br>Local: Campo do SC Oposi\u00e7\u00e3o, no Rio de Janeiro &#8211; RJ<\/p>\n\n\n\n<p>1\u00ba Jogo &#8211; S\u00e3o Jos\u00e9\u00a0\u00a0\u00a0\u00a0\u00a0\u00a0 1&#215;0\u00a0\u00a0\u00a0\u00a0\u00a0 Manufatura<br>2\u00ba Jogo &#8211; Progresso\u00a0\u00a0\u00a0 1&#215;0\u00a0\u00a0\u00a0\u00a0\u00a0 Engenho de Dentro<br>3\u00ba Jogo &#8211; Oposi\u00e7\u00e3o\u00a0\u00a0\u00a0\u00a0 1&#215;1\u00a0\u00a0\u00a0\u00a0\u00a0 Parames (1&#215;0 esc)<br>4\u00ba Jogo &#8211; Del Castilho 1&#215;0\u00a0\u00a0\u00a0\u00a0\u00a0 Tavares<br>5\u00ba Jogo &#8211; Iraj\u00e1\u00a0\u00a0 \u00a0\u00a0\u00a0\u00a0\u00a0\u00a0\u00a0\u00a0\u00a0 2&#215;0\u00a0\u00a0\u00a0\u00a0\u00a0 Nova Am\u00e9rica<br>6\u00ba Jogo &#8211; Progresso\u00a0\u00a0\u00a0 2&#215;1\u00a0\u00a0\u00a0\u00a0\u00a0 S\u00e3o Jos\u00e9<br>7\u00ba Jogo &#8211; Oposi\u00e7\u00e3o\u00a0\u00a0\u00a0\u00a0 1&#215;0\u00a0\u00a0\u00a0\u00a0\u00a0 Del Castilho<br>8\u00ba Jogo &#8211; Progresso\u00a0\u00a0\u00a0 1&#215;0\u00a0\u00a0\u00a0\u00a0\u00a0 Iraj\u00e1<br>Final &#8211; Progresso\u00a0\u00a0\u00a0\u00a0\u00a0\u00a0\u00a0 2&#215;0\u00a0\u00a0\u00a0\u00a0\u00a0 Oposi\u00e7\u00e3o<\/p>\n\n\n\n<p>Campe\u00e3o &#8211; Progresso Football Club (Rio de Janeiro &#8211; RJ)<\/p>\n\n\n\n<p>Fonte: Jornal dos Sports \/ RJ<\/p>\n\r\n","protected":false},"excerpt":{"rendered":"<p>Data: 06 de Fevereiro de 1943Local: Campo do SC Oposi\u00e7\u00e3o, no Rio de Janeiro &#8211; RJ 1\u00ba Jogo &#8211; S\u00e3o Jos\u00e9\u00a0\u00a0\u00a0\u00a0\u00a0\u00a0 1&#215;0\u00a0\u00a0\u00a0\u00a0\u00a0 Manufatura2\u00ba Jogo &#8211; Progresso\u00a0\u00a0\u00a0 1&#215;0\u00a0\u00a0\u00a0\u00a0\u00a0 Engenho de Dentro3\u00ba Jogo &#8211; Oposi\u00e7\u00e3o\u00a0\u00a0\u00a0\u00a0 1&#215;1\u00a0\u00a0\u00a0\u00a0\u00a0 Parames (1&#215;0 esc)4\u00ba Jogo &#8211; Del Castilho 1&#215;0\u00a0\u00a0\u00a0\u00a0\u00a0 Tavares5\u00ba Jogo &#8211; Iraj\u00e1\u00a0\u00a0 \u00a0\u00a0\u00a0\u00a0\u00a0\u00a0\u00a0\u00a0\u00a0 2&#215;0\u00a0\u00a0\u00a0\u00a0\u00a0 Nova Am\u00e9rica6\u00ba Jogo &#8211; Progresso\u00a0\u00a0\u00a0 2&#215;1\u00a0\u00a0\u00a0\u00a0\u00a0 S\u00e3o [&hellip;]<\/p>\n","protected":false},"author":2,"featured_media":0,"comment_status":"open","ping_status":"open","sticky":false,"template":"","format":"standard","meta":{"footnotes":""},"categories":[48,29],"tags":[],"class_list":["post-6700","post","type-post","status-publish","format-standard","hentry","category-campeonatos-historicos","category-rio-de-janeiro"],"_links":{"self":[{"href":"https:\/\/arquivosfutebolbrasil.com.br\/blog\/wp-json\/wp\/v2\/posts\/6700"}],"collection":[{"href":"https:\/\/arquivosfutebolbrasil.com.br\/blog\/wp-json\/wp\/v2\/posts"}],"about":[{"href":"https:\/\/arquivosfutebolbrasil.com.br\/blog\/wp-json\/wp\/v2\/types\/post"}],"author":[{"embeddable":true,"href":"https:\/\/arquivosfutebolbrasil.com.br\/blog\/wp-json\/wp\/v2\/users\/2"}],"replies":[{"embeddable":true,"href":"https:\/\/arquivosfutebolbrasil.com.br\/blog\/wp-json\/wp\/v2\/comments?post=6700"}],"version-history":[{"count":1,"href":"https:\/\/arquivosfutebolbrasil.com.br\/blog\/wp-json\/wp\/v2\/posts\/6700\/revisions"}],"predecessor-version":[{"id":6701,"href":"https:\/\/arquivosfutebolbrasil.com.br\/blog\/wp-json\/wp\/v2\/posts\/6700\/revisions\/6701"}],"wp:attachment":[{"href":"https:\/\/arquivosfutebolbrasil.com.br\/blog\/wp-json\/wp\/v2\/media?parent=6700"}],"wp:term":[{"taxonomy":"category","embeddable":true,"href":"https:\/\/arquivosfutebolbrasil.com.br\/blog\/wp-json\/wp\/v2\/categories?post=6700"},{"taxonomy":"post_tag","embeddable":true,"href":"https:\/\/arquivosfutebolbrasil.com.br\/blog\/wp-json\/wp\/v2\/tags?post=6700"}],"curies":[{"name":"wp","href":"https:\/\/api.w.org\/{rel}","templated":true}]}}