{"id":6688,"date":"2020-02-21T20:49:00","date_gmt":"2020-02-21T23:49:00","guid":{"rendered":"https:\/\/arquivosfutebolbrasil.com.br\/blog\/?p=6688"},"modified":"2020-02-16T20:53:12","modified_gmt":"2020-02-16T23:53:12","slug":"torneio-quadrangular-de-salvador-ba-1951","status":"publish","type":"post","link":"https:\/\/arquivosfutebolbrasil.com.br\/blog\/2020\/02\/21\/torneio-quadrangular-de-salvador-ba-1951\/","title":{"rendered":"Torneio Quadrangular de Salvador (BA) \u2013 1951"},"content":{"rendered":"\n<p>Per\u00edodo: 08 a 15 de Julho de 1951<br>\nLocal: Est\u00e1dio Fonte Nova, em Salvador \u2013 BA<\/p>\n\n\n\n<p><strong>Turno \u00danico<\/strong><\/p>\n\n\n\n<p>08.07.1951<br> Bahia(BA) 1&#215;0 Ypiranga(BA)<br> Portuguesa(SP) 3&#215;1 Vit\u00f3ria(BA)<br> 11.07.1951<br> Bahia(BA) 1&#215;1 Vit\u00f3ria(BA)<br> Portuguesa(SP) 6&#215;1 Ypiranga(BA)<br> 15.07.1951<br> Ypiranga(BA) 3&#215;1 Vit\u00f3ria(BA)<br> Portuguesa(SP) 1&#215;1 Bahia(BA)<\/p>\n\n\n\n<p>Campe\u00e3 \u2013 Associa\u00e7\u00e3o Portuguesa de Desportos (S\u00e3o Paulo \u2013 SP)<\/p>\n\n\n\n<p>Fonte: Gazeta Esportiva \/ SP<\/p>\n\r\n","protected":false},"excerpt":{"rendered":"<p>Per\u00edodo: 08 a 15 de Julho de 1951 Local: Est\u00e1dio Fonte Nova, em Salvador \u2013 BA Turno \u00danico 08.07.1951 Bahia(BA) 1&#215;0 Ypiranga(BA) Portuguesa(SP) 3&#215;1 Vit\u00f3ria(BA) 11.07.1951 Bahia(BA) 1&#215;1 Vit\u00f3ria(BA) Portuguesa(SP) 6&#215;1 Ypiranga(BA) 15.07.1951 Ypiranga(BA) 3&#215;1 Vit\u00f3ria(BA) Portuguesa(SP) 1&#215;1 Bahia(BA) Campe\u00e3 \u2013 Associa\u00e7\u00e3o Portuguesa de Desportos (S\u00e3o Paulo \u2013 SP) Fonte: Gazeta Esportiva \/ SP<\/p>\n","protected":false},"author":2,"featured_media":0,"comment_status":"open","ping_status":"open","sticky":false,"template":"","format":"standard","meta":{"footnotes":""},"categories":[15,48,35],"tags":[],"class_list":["post-6688","post","type-post","status-publish","format-standard","hentry","category-bahia","category-campeonatos-historicos","category-sao-paulo"],"_links":{"self":[{"href":"https:\/\/arquivosfutebolbrasil.com.br\/blog\/wp-json\/wp\/v2\/posts\/6688"}],"collection":[{"href":"https:\/\/arquivosfutebolbrasil.com.br\/blog\/wp-json\/wp\/v2\/posts"}],"about":[{"href":"https:\/\/arquivosfutebolbrasil.com.br\/blog\/wp-json\/wp\/v2\/types\/post"}],"author":[{"embeddable":true,"href":"https:\/\/arquivosfutebolbrasil.com.br\/blog\/wp-json\/wp\/v2\/users\/2"}],"replies":[{"embeddable":true,"href":"https:\/\/arquivosfutebolbrasil.com.br\/blog\/wp-json\/wp\/v2\/comments?post=6688"}],"version-history":[{"count":1,"href":"https:\/\/arquivosfutebolbrasil.com.br\/blog\/wp-json\/wp\/v2\/posts\/6688\/revisions"}],"predecessor-version":[{"id":6689,"href":"https:\/\/arquivosfutebolbrasil.com.br\/blog\/wp-json\/wp\/v2\/posts\/6688\/revisions\/6689"}],"wp:attachment":[{"href":"https:\/\/arquivosfutebolbrasil.com.br\/blog\/wp-json\/wp\/v2\/media?parent=6688"}],"wp:term":[{"taxonomy":"category","embeddable":true,"href":"https:\/\/arquivosfutebolbrasil.com.br\/blog\/wp-json\/wp\/v2\/categories?post=6688"},{"taxonomy":"post_tag","embeddable":true,"href":"https:\/\/arquivosfutebolbrasil.com.br\/blog\/wp-json\/wp\/v2\/tags?post=6688"}],"curies":[{"name":"wp","href":"https:\/\/api.w.org\/{rel}","templated":true}]}}