{"id":6650,"date":"2020-02-19T15:24:00","date_gmt":"2020-02-19T18:24:00","guid":{"rendered":"https:\/\/arquivosfutebolbrasil.com.br\/blog\/?p=6650"},"modified":"2020-02-16T15:25:06","modified_gmt":"2020-02-16T18:25:06","slug":"festival-esportivo-para-inauguracao-do-campo-do-sc-mackenzie-rj-1917","status":"publish","type":"post","link":"https:\/\/arquivosfutebolbrasil.com.br\/blog\/2020\/02\/19\/festival-esportivo-para-inauguracao-do-campo-do-sc-mackenzie-rj-1917\/","title":{"rendered":"Festival Esportivo para Inaugura\u00e7\u00e3o do Campo do SC Mackenzie (RJ) \u2013 1917"},"content":{"rendered":"\n<p>Data: 16 de setembro de 1917<br> Local: Campo do SC Mackenzie, no Rio de Janeiro &#8211; RJ<\/p>\n\n\n\n<p>2\u00ba quadros &#8211; Mackenzie 4&#215;2 Rio de Janeiro<br>\n1\u00ba quadros &#8211; Rio de Janeiro 1&#215;0 Mackenzie<br>\n1\u00ba quadros &#8211; Modesto 1&#215;1 Royal<br>\n1\u00ba quadros &#8211; S\u00e3o Crist\u00f3v\u00e3o 2&#215;0 Americano<\/p>\n\n\n\n<p>Fonte: O Imparcial (RJ)<\/p>\n\r\n","protected":false},"excerpt":{"rendered":"<p>Data: 16 de setembro de 1917 Local: Campo do SC Mackenzie, no Rio de Janeiro &#8211; RJ 2\u00ba quadros &#8211; Mackenzie 4&#215;2 Rio de Janeiro 1\u00ba quadros &#8211; Rio de Janeiro 1&#215;0 Mackenzie 1\u00ba quadros &#8211; Modesto 1&#215;1 Royal 1\u00ba quadros &#8211; S\u00e3o Crist\u00f3v\u00e3o 2&#215;0 Americano Fonte: O Imparcial (RJ)<\/p>\n","protected":false},"author":2,"featured_media":0,"comment_status":"open","ping_status":"open","sticky":false,"template":"","format":"standard","meta":{"footnotes":""},"categories":[46,47,29],"tags":[],"class_list":["post-6650","post","type-post","status-publish","format-standard","hentry","category-jogos-amistosos-nacionais","category-jogos-historicos","category-rio-de-janeiro"],"_links":{"self":[{"href":"https:\/\/arquivosfutebolbrasil.com.br\/blog\/wp-json\/wp\/v2\/posts\/6650"}],"collection":[{"href":"https:\/\/arquivosfutebolbrasil.com.br\/blog\/wp-json\/wp\/v2\/posts"}],"about":[{"href":"https:\/\/arquivosfutebolbrasil.com.br\/blog\/wp-json\/wp\/v2\/types\/post"}],"author":[{"embeddable":true,"href":"https:\/\/arquivosfutebolbrasil.com.br\/blog\/wp-json\/wp\/v2\/users\/2"}],"replies":[{"embeddable":true,"href":"https:\/\/arquivosfutebolbrasil.com.br\/blog\/wp-json\/wp\/v2\/comments?post=6650"}],"version-history":[{"count":1,"href":"https:\/\/arquivosfutebolbrasil.com.br\/blog\/wp-json\/wp\/v2\/posts\/6650\/revisions"}],"predecessor-version":[{"id":6651,"href":"https:\/\/arquivosfutebolbrasil.com.br\/blog\/wp-json\/wp\/v2\/posts\/6650\/revisions\/6651"}],"wp:attachment":[{"href":"https:\/\/arquivosfutebolbrasil.com.br\/blog\/wp-json\/wp\/v2\/media?parent=6650"}],"wp:term":[{"taxonomy":"category","embeddable":true,"href":"https:\/\/arquivosfutebolbrasil.com.br\/blog\/wp-json\/wp\/v2\/categories?post=6650"},{"taxonomy":"post_tag","embeddable":true,"href":"https:\/\/arquivosfutebolbrasil.com.br\/blog\/wp-json\/wp\/v2\/tags?post=6650"}],"curies":[{"name":"wp","href":"https:\/\/api.w.org\/{rel}","templated":true}]}}