{"id":6630,"date":"2020-02-23T15:12:00","date_gmt":"2020-02-23T18:12:00","guid":{"rendered":"https:\/\/arquivosfutebolbrasil.com.br\/blog\/?p=6630"},"modified":"2020-02-16T15:13:19","modified_gmt":"2020-02-16T18:13:19","slug":"torneio-inicio-carioca-liga-brasileira-de-desportos-2a-divisao-1925","status":"publish","type":"post","link":"https:\/\/arquivosfutebolbrasil.com.br\/blog\/2020\/02\/23\/torneio-inicio-carioca-liga-brasileira-de-desportos-2a-divisao-1925\/","title":{"rendered":"Torneio In\u00edcio Carioca \u2013 Liga Brasileira de Desportos \u2013 2\u00aa Divis\u00e3o \u2013 1925"},"content":{"rendered":"\n<pre class=\"wp-block-preformatted\">Data: 12 de abril de 1925\nLocal Campo do Municipal, no Rio de Janeiro - RJ\n\n1\u00ba jogo - Aymor\u00e9 FC 0x0 SC Oposi\u00e7\u00e3o (1x0 esc)\n2\u00ba jogo - Verdun FC 2x0 SC Andarahy\n3\u00ba jogo - SC Americano 0x0 Itamaraty SC (1x0 esc)\n4\u00ba jogo - SC Lorena 1x0 Flor do Prado FC\n5\u00ba jogo - Aymor\u00e9 FC 0x0 Verdun FC (1x0 esc)\n6\u00ba jogo - SC Americano 1x0 SC Lorena\nFinal   - SC Americano 1x0 Aymor\u00e9 FC\n\nCampe\u00e3o - Sport Club Americano (Rio de Janeiro)\n\nFonte: A Noite - RJ<\/pre>\n\r\n","protected":false},"excerpt":{"rendered":"<p>Data: 12 de abril de 1925 Local Campo do Municipal, no Rio de Janeiro &#8211; RJ 1\u00ba jogo &#8211; Aymor\u00e9 FC 0x0 SC Oposi\u00e7\u00e3o (1&#215;0 esc) 2\u00ba jogo &#8211; Verdun FC 2&#215;0 SC Andarahy 3\u00ba jogo &#8211; SC Americano 0x0 Itamaraty SC (1&#215;0 esc) 4\u00ba jogo &#8211; SC Lorena 1&#215;0 Flor do Prado FC 5\u00ba [&hellip;]<\/p>\n","protected":false},"author":2,"featured_media":0,"comment_status":"open","ping_status":"open","sticky":false,"template":"","format":"standard","meta":{"footnotes":""},"categories":[48,29],"tags":[],"class_list":["post-6630","post","type-post","status-publish","format-standard","hentry","category-campeonatos-historicos","category-rio-de-janeiro"],"_links":{"self":[{"href":"https:\/\/arquivosfutebolbrasil.com.br\/blog\/wp-json\/wp\/v2\/posts\/6630"}],"collection":[{"href":"https:\/\/arquivosfutebolbrasil.com.br\/blog\/wp-json\/wp\/v2\/posts"}],"about":[{"href":"https:\/\/arquivosfutebolbrasil.com.br\/blog\/wp-json\/wp\/v2\/types\/post"}],"author":[{"embeddable":true,"href":"https:\/\/arquivosfutebolbrasil.com.br\/blog\/wp-json\/wp\/v2\/users\/2"}],"replies":[{"embeddable":true,"href":"https:\/\/arquivosfutebolbrasil.com.br\/blog\/wp-json\/wp\/v2\/comments?post=6630"}],"version-history":[{"count":1,"href":"https:\/\/arquivosfutebolbrasil.com.br\/blog\/wp-json\/wp\/v2\/posts\/6630\/revisions"}],"predecessor-version":[{"id":6631,"href":"https:\/\/arquivosfutebolbrasil.com.br\/blog\/wp-json\/wp\/v2\/posts\/6630\/revisions\/6631"}],"wp:attachment":[{"href":"https:\/\/arquivosfutebolbrasil.com.br\/blog\/wp-json\/wp\/v2\/media?parent=6630"}],"wp:term":[{"taxonomy":"category","embeddable":true,"href":"https:\/\/arquivosfutebolbrasil.com.br\/blog\/wp-json\/wp\/v2\/categories?post=6630"},{"taxonomy":"post_tag","embeddable":true,"href":"https:\/\/arquivosfutebolbrasil.com.br\/blog\/wp-json\/wp\/v2\/tags?post=6630"}],"curies":[{"name":"wp","href":"https:\/\/api.w.org\/{rel}","templated":true}]}}