{"id":6492,"date":"2020-02-01T07:27:29","date_gmt":"2020-02-01T10:27:29","guid":{"rendered":"https:\/\/arquivosfutebolbrasil.com.br\/blog\/?p=6492"},"modified":"2020-02-01T07:27:30","modified_gmt":"2020-02-01T10:27:30","slug":"pavoc-uma-unica-participacao-no-futebol-profissional-paranaense-1979","status":"publish","type":"post","link":"https:\/\/arquivosfutebolbrasil.com.br\/blog\/2020\/02\/01\/pavoc-uma-unica-participacao-no-futebol-profissional-paranaense-1979\/","title":{"rendered":"Pavoc \u2013 Uma \u00fanica participa\u00e7\u00e3o no futebol profissional paranaense \u2013 1979"},"content":{"rendered":"\n<div class=\"wp-block-image\"><figure class=\"aligncenter size-large\"><img loading=\"lazy\" decoding=\"async\" width=\"234\" height=\"110\" src=\"https:\/\/arquivosfutebolbrasil.com.br\/blog\/wp-content\/uploads\/2020\/02\/1-7.jpg\" alt=\"\" class=\"wp-image-6494\"\/><\/figure><\/div>\n\n\n\n<p>O Pavoc (Parque Aqu\u00e1tico Vila Ol\u00edmpica Clube) teve uma \u00fanica participa\u00e7\u00e3o no  futebol profissional paranaense. Isto ocorreu na temporada de 1979 quando  se inscreveu para a 1\u00aa Divis\u00e3o (que seria na realidade a segundona paranaense).<br> Em um campeonato com poucos clubes, terminou na terceira coloca\u00e7\u00e3o n\u00e3o<br> conseguindo seu acesso a divis\u00e3o principal do Estado. Apesar do clube estar<br> sediado em S\u00e3o Jos\u00e9 dos Pinhais, suas partidas foram realizadas no Est\u00e1dio<br> Joaquim Am\u00e9rico, em Curitiba. Abaixo os resultados:<\/p>\n\n\n\n<p>22.07.1979<br> Pavoc 1&#215;1 Tabu (Clevel\u00e2ndia), em Curitiba<br> 29.07.1979<br> Pavoc 1&#215;0 Comercial (Terra Roxa), em Terra Roxa<br> 05.08.1979<br> Pavoc 0x0 Cascavel (Cascavel), em Curitiba<br> 12.08.1979<br> Pavoc 0x2 Uni\u00e3o (Francisco Beltr\u00e3o), em Francisco Beltr\u00e3o<br> 19.08.1979<br> Pavoc 2&#215;2 Uni\u00e3o (Francisco Beltr\u00e3o), em Curitiba<br> 02.09.1979<br> Pavoc 1&#215;2 Cascavel (Cascavel), em Cascavel<br> 09.09.1979<br> Pavoc 1&#215;1 Tabu (Clevel\u00e2ndia), em Clevel\u00e2ndia<br> 15.09.1979<br> Pavoc 4&#215;1 Comercial (Terra Roxa), em Curitiba<br> 30.09.1979<br> Pavoc 0x2 Uni\u00e3o (Francisco Beltr\u00e3o), em Francisco Beltr\u00e3o<br> 06.10.1979<br> Pavoc 2&#215;0 Tabu (Clevel\u00e2ndia), em Curitiba<br> 13.10.1979<br> Pavoc 1&#215;1 Cascavel (Cascavel), em Curitiba<br> 21.10.1979<br> Pavoc 3&#215;2 Tabu (Clevel\u00e2ndia), em Clevel\u00e2ndia<br> 03.11.1979<br> Pavoc 1&#215;1 Uni\u00e3o (Francisco Beltr\u00e3o), em Curitiba<br> 18.11.1979<br> Pavoc 0x2 Cascavel (Cascavel), em Cascavel<\/p>\n\n\n\n<div class=\"wp-block-image\"><figure class=\"aligncenter size-large\"><img loading=\"lazy\" decoding=\"async\" width=\"525\" height=\"340\" src=\"https:\/\/arquivosfutebolbrasil.com.br\/blog\/wp-content\/uploads\/2020\/02\/1-6.jpg\" alt=\"\" class=\"wp-image-6493\" srcset=\"https:\/\/arquivosfutebolbrasil.com.br\/blog\/wp-content\/uploads\/2020\/02\/1-6.jpg 525w, https:\/\/arquivosfutebolbrasil.com.br\/blog\/wp-content\/uploads\/2020\/02\/1-6-300x194.jpg 300w\" sizes=\"(max-width: 525px) 100vw, 525px\" \/><\/figure><\/div>\n\r\n","protected":false},"excerpt":{"rendered":"<p>O Pavoc (Parque Aqu\u00e1tico Vila Ol\u00edmpica Clube) teve uma \u00fanica participa\u00e7\u00e3o no futebol profissional paranaense. Isto ocorreu na temporada de 1979 quando se inscreveu para a 1\u00aa Divis\u00e3o (que seria na realidade a segundona paranaense). Em um campeonato com poucos clubes, terminou na terceira coloca\u00e7\u00e3o n\u00e3o conseguindo seu acesso a divis\u00e3o principal do Estado. Apesar [&hellip;]<\/p>\n","protected":false},"author":2,"featured_media":0,"comment_status":"open","ping_status":"open","sticky":false,"template":"","format":"standard","meta":{"footnotes":""},"categories":[48,25],"tags":[],"class_list":["post-6492","post","type-post","status-publish","format-standard","hentry","category-campeonatos-historicos","category-parana"],"_links":{"self":[{"href":"https:\/\/arquivosfutebolbrasil.com.br\/blog\/wp-json\/wp\/v2\/posts\/6492"}],"collection":[{"href":"https:\/\/arquivosfutebolbrasil.com.br\/blog\/wp-json\/wp\/v2\/posts"}],"about":[{"href":"https:\/\/arquivosfutebolbrasil.com.br\/blog\/wp-json\/wp\/v2\/types\/post"}],"author":[{"embeddable":true,"href":"https:\/\/arquivosfutebolbrasil.com.br\/blog\/wp-json\/wp\/v2\/users\/2"}],"replies":[{"embeddable":true,"href":"https:\/\/arquivosfutebolbrasil.com.br\/blog\/wp-json\/wp\/v2\/comments?post=6492"}],"version-history":[{"count":1,"href":"https:\/\/arquivosfutebolbrasil.com.br\/blog\/wp-json\/wp\/v2\/posts\/6492\/revisions"}],"predecessor-version":[{"id":6495,"href":"https:\/\/arquivosfutebolbrasil.com.br\/blog\/wp-json\/wp\/v2\/posts\/6492\/revisions\/6495"}],"wp:attachment":[{"href":"https:\/\/arquivosfutebolbrasil.com.br\/blog\/wp-json\/wp\/v2\/media?parent=6492"}],"wp:term":[{"taxonomy":"category","embeddable":true,"href":"https:\/\/arquivosfutebolbrasil.com.br\/blog\/wp-json\/wp\/v2\/categories?post=6492"},{"taxonomy":"post_tag","embeddable":true,"href":"https:\/\/arquivosfutebolbrasil.com.br\/blog\/wp-json\/wp\/v2\/tags?post=6492"}],"curies":[{"name":"wp","href":"https:\/\/api.w.org\/{rel}","templated":true}]}}