{"id":6410,"date":"2020-02-11T21:54:00","date_gmt":"2020-02-12T00:54:00","guid":{"rendered":"https:\/\/arquivosfutebolbrasil.com.br\/blog\/?p=6410"},"modified":"2020-01-31T21:55:20","modified_gmt":"2020-02-01T00:55:20","slug":"torneio-encerramento-de-ponta-grossa-pr-1935","status":"publish","type":"post","link":"https:\/\/arquivosfutebolbrasil.com.br\/blog\/2020\/02\/11\/torneio-encerramento-de-ponta-grossa-pr-1935\/","title":{"rendered":"Torneio Encerramento de Ponta Grossa (PR) \u2013 1935"},"content":{"rendered":"\n<p>Data: 26 de janeiro de 1936<br>\nLocal: Campo do Uni\u00e3o campo Alegre, em Ponta Grossa<\/p>\n\n\n\n<p>1\u00ba jogo &#8211; Uni\u00e3o Campo Alegre 2&#215;1 Germ\u00e2nia<br>\n2\u00ba jogo &#8211; Americano 1&#215;0 Olinda<br>\n3\u00ba jogo &#8211; Oper\u00e1rio W0x0 Guarani<br>\n4\u00ba jogo &#8211; Uni\u00e3o Campo Alegre 1&#215;0 Americano<br>\nFinal   &#8211; Oper\u00e1rio 2&#215;0 Uni\u00e3o Campo Alegre<\/p>\n\n\n\n<p>Campe\u00e3o &#8211; Oper\u00e1rio Sport Club (Ponta Grossa)<\/p>\n\n\n\n<p>Fonte: Arquivos de Levi Mulford Chrestenzen<\/p>\n\r\n","protected":false},"excerpt":{"rendered":"<p>Data: 26 de janeiro de 1936 Local: Campo do Uni\u00e3o campo Alegre, em Ponta Grossa 1\u00ba jogo &#8211; Uni\u00e3o Campo Alegre 2&#215;1 Germ\u00e2nia 2\u00ba jogo &#8211; Americano 1&#215;0 Olinda 3\u00ba jogo &#8211; Oper\u00e1rio W0x0 Guarani 4\u00ba jogo &#8211; Uni\u00e3o Campo Alegre 1&#215;0 Americano Final &#8211; Oper\u00e1rio 2&#215;0 Uni\u00e3o Campo Alegre Campe\u00e3o &#8211; Oper\u00e1rio Sport Club [&hellip;]<\/p>\n","protected":false},"author":2,"featured_media":0,"comment_status":"open","ping_status":"open","sticky":false,"template":"","format":"standard","meta":{"footnotes":""},"categories":[48,25],"tags":[],"class_list":["post-6410","post","type-post","status-publish","format-standard","hentry","category-campeonatos-historicos","category-parana"],"_links":{"self":[{"href":"https:\/\/arquivosfutebolbrasil.com.br\/blog\/wp-json\/wp\/v2\/posts\/6410"}],"collection":[{"href":"https:\/\/arquivosfutebolbrasil.com.br\/blog\/wp-json\/wp\/v2\/posts"}],"about":[{"href":"https:\/\/arquivosfutebolbrasil.com.br\/blog\/wp-json\/wp\/v2\/types\/post"}],"author":[{"embeddable":true,"href":"https:\/\/arquivosfutebolbrasil.com.br\/blog\/wp-json\/wp\/v2\/users\/2"}],"replies":[{"embeddable":true,"href":"https:\/\/arquivosfutebolbrasil.com.br\/blog\/wp-json\/wp\/v2\/comments?post=6410"}],"version-history":[{"count":1,"href":"https:\/\/arquivosfutebolbrasil.com.br\/blog\/wp-json\/wp\/v2\/posts\/6410\/revisions"}],"predecessor-version":[{"id":6411,"href":"https:\/\/arquivosfutebolbrasil.com.br\/blog\/wp-json\/wp\/v2\/posts\/6410\/revisions\/6411"}],"wp:attachment":[{"href":"https:\/\/arquivosfutebolbrasil.com.br\/blog\/wp-json\/wp\/v2\/media?parent=6410"}],"wp:term":[{"taxonomy":"category","embeddable":true,"href":"https:\/\/arquivosfutebolbrasil.com.br\/blog\/wp-json\/wp\/v2\/categories?post=6410"},{"taxonomy":"post_tag","embeddable":true,"href":"https:\/\/arquivosfutebolbrasil.com.br\/blog\/wp-json\/wp\/v2\/tags?post=6410"}],"curies":[{"name":"wp","href":"https:\/\/api.w.org\/{rel}","templated":true}]}}