{"id":6373,"date":"2020-02-03T19:32:00","date_gmt":"2020-02-03T22:32:00","guid":{"rendered":"https:\/\/arquivosfutebolbrasil.com.br\/blog\/?p=6373"},"modified":"2020-01-31T19:32:38","modified_gmt":"2020-01-31T22:32:38","slug":"festival-do-sport-club-brasileiro-rio-de-janeiro-rj-1917","status":"publish","type":"post","link":"https:\/\/arquivosfutebolbrasil.com.br\/blog\/2020\/02\/03\/festival-do-sport-club-brasileiro-rio-de-janeiro-rj-1917\/","title":{"rendered":"Festival do Sport Club Brasileiro (Rio de Janeiro \u2013 RJ) \u2013 1917"},"content":{"rendered":"\n<p>Este festival fez parte das comemora\u00e7\u00f5es de inaugura\u00e7\u00e3o do Campo do Sport Club Brasileiro, localizado na rua Itapir\u00fa no bairro do Rio Comprido na capital do Estado<\/p>\n\n\n\n<p>Data: 03 de maio de 1917<\/p>\n\n\n\n<p>1\u00ba quadros \u2013 Americano 2\u00d70 Progresso<br>1\u00ba quadros \u2013 Helenico 3\u00d72 Brasileiro<br>1\u00ba quadros \u2013 Andarahy 2\u00d71 Am\u00e9rica<br>1\u00ba quadros \u2013 Botafogo 2\u00d72 Fluminense<\/p>\n\n\n\n<p>Fonte: Arquivos do Autor<\/p>\n\r\n","protected":false},"excerpt":{"rendered":"<p>Este festival fez parte das comemora\u00e7\u00f5es de inaugura\u00e7\u00e3o do Campo do Sport Club Brasileiro, localizado na rua Itapir\u00fa no bairro do Rio Comprido na capital do Estado Data: 03 de maio de 1917 1\u00ba quadros \u2013 Americano 2\u00d70 Progresso1\u00ba quadros \u2013 Helenico 3\u00d72 Brasileiro1\u00ba quadros \u2013 Andarahy 2\u00d71 Am\u00e9rica1\u00ba quadros \u2013 Botafogo 2\u00d72 Fluminense Fonte: [&hellip;]<\/p>\n","protected":false},"author":2,"featured_media":0,"comment_status":"open","ping_status":"open","sticky":false,"template":"","format":"standard","meta":{"footnotes":""},"categories":[46,47,29],"tags":[],"class_list":["post-6373","post","type-post","status-publish","format-standard","hentry","category-jogos-amistosos-nacionais","category-jogos-historicos","category-rio-de-janeiro"],"_links":{"self":[{"href":"https:\/\/arquivosfutebolbrasil.com.br\/blog\/wp-json\/wp\/v2\/posts\/6373"}],"collection":[{"href":"https:\/\/arquivosfutebolbrasil.com.br\/blog\/wp-json\/wp\/v2\/posts"}],"about":[{"href":"https:\/\/arquivosfutebolbrasil.com.br\/blog\/wp-json\/wp\/v2\/types\/post"}],"author":[{"embeddable":true,"href":"https:\/\/arquivosfutebolbrasil.com.br\/blog\/wp-json\/wp\/v2\/users\/2"}],"replies":[{"embeddable":true,"href":"https:\/\/arquivosfutebolbrasil.com.br\/blog\/wp-json\/wp\/v2\/comments?post=6373"}],"version-history":[{"count":1,"href":"https:\/\/arquivosfutebolbrasil.com.br\/blog\/wp-json\/wp\/v2\/posts\/6373\/revisions"}],"predecessor-version":[{"id":6374,"href":"https:\/\/arquivosfutebolbrasil.com.br\/blog\/wp-json\/wp\/v2\/posts\/6373\/revisions\/6374"}],"wp:attachment":[{"href":"https:\/\/arquivosfutebolbrasil.com.br\/blog\/wp-json\/wp\/v2\/media?parent=6373"}],"wp:term":[{"taxonomy":"category","embeddable":true,"href":"https:\/\/arquivosfutebolbrasil.com.br\/blog\/wp-json\/wp\/v2\/categories?post=6373"},{"taxonomy":"post_tag","embeddable":true,"href":"https:\/\/arquivosfutebolbrasil.com.br\/blog\/wp-json\/wp\/v2\/tags?post=6373"}],"curies":[{"name":"wp","href":"https:\/\/api.w.org\/{rel}","templated":true}]}}