{"id":6342,"date":"2020-02-03T10:43:00","date_gmt":"2020-02-03T13:43:00","guid":{"rendered":"https:\/\/arquivosfutebolbrasil.com.br\/blog\/?p=6342"},"modified":"2020-01-31T10:44:54","modified_gmt":"2020-01-31T13:44:54","slug":"torneio-dia-do-trabalho-mg-1956-2","status":"publish","type":"post","link":"https:\/\/arquivosfutebolbrasil.com.br\/blog\/2020\/02\/03\/torneio-dia-do-trabalho-mg-1956-2\/","title":{"rendered":"Torneio Dia do Trabalho (MG) \u2013 1956"},"content":{"rendered":"\n<p>Data: 01 de maio de 1956<br>\nLocal: Est\u00e1dio Otac\u00edlio Negr\u00e3o de Lima, em Belo Horizonte &#8211; MG<\/p>\n\n\n\n<p>1\u00ba jogo &#8211; 7 de Setembro 0x0 Cruzeiro (5&#215;1 pen)<br>\n2\u00ba jogo &#8211; Democrata 1&#215;0 Villa Nova<br>\nFinal   &#8211; Democrata 1&#215;0 7 de Setembro<\/p>\n\n\n\n<p>Campe\u00e3o &#8211; Democrata Futebol Clube (Sete Lagoas)<\/p>\n\n\n\n<p>Fonte: Gazeta Esportiva \/ SP<\/p>\n\r\n","protected":false},"excerpt":{"rendered":"<p>Data: 01 de maio de 1956 Local: Est\u00e1dio Otac\u00edlio Negr\u00e3o de Lima, em Belo Horizonte &#8211; MG 1\u00ba jogo &#8211; 7 de Setembro 0x0 Cruzeiro (5&#215;1 pen) 2\u00ba jogo &#8211; Democrata 1&#215;0 Villa Nova Final &#8211; Democrata 1&#215;0 7 de Setembro Campe\u00e3o &#8211; Democrata Futebol Clube (Sete Lagoas) Fonte: Gazeta Esportiva \/ SP<\/p>\n","protected":false},"author":2,"featured_media":0,"comment_status":"open","ping_status":"open","sticky":false,"template":"","format":"standard","meta":{"footnotes":""},"categories":[48,23],"tags":[],"class_list":["post-6342","post","type-post","status-publish","format-standard","hentry","category-campeonatos-historicos","category-minas-gerais"],"_links":{"self":[{"href":"https:\/\/arquivosfutebolbrasil.com.br\/blog\/wp-json\/wp\/v2\/posts\/6342"}],"collection":[{"href":"https:\/\/arquivosfutebolbrasil.com.br\/blog\/wp-json\/wp\/v2\/posts"}],"about":[{"href":"https:\/\/arquivosfutebolbrasil.com.br\/blog\/wp-json\/wp\/v2\/types\/post"}],"author":[{"embeddable":true,"href":"https:\/\/arquivosfutebolbrasil.com.br\/blog\/wp-json\/wp\/v2\/users\/2"}],"replies":[{"embeddable":true,"href":"https:\/\/arquivosfutebolbrasil.com.br\/blog\/wp-json\/wp\/v2\/comments?post=6342"}],"version-history":[{"count":1,"href":"https:\/\/arquivosfutebolbrasil.com.br\/blog\/wp-json\/wp\/v2\/posts\/6342\/revisions"}],"predecessor-version":[{"id":6343,"href":"https:\/\/arquivosfutebolbrasil.com.br\/blog\/wp-json\/wp\/v2\/posts\/6342\/revisions\/6343"}],"wp:attachment":[{"href":"https:\/\/arquivosfutebolbrasil.com.br\/blog\/wp-json\/wp\/v2\/media?parent=6342"}],"wp:term":[{"taxonomy":"category","embeddable":true,"href":"https:\/\/arquivosfutebolbrasil.com.br\/blog\/wp-json\/wp\/v2\/categories?post=6342"},{"taxonomy":"post_tag","embeddable":true,"href":"https:\/\/arquivosfutebolbrasil.com.br\/blog\/wp-json\/wp\/v2\/tags?post=6342"}],"curies":[{"name":"wp","href":"https:\/\/api.w.org\/{rel}","templated":true}]}}