{"id":6325,"date":"2020-02-10T10:33:00","date_gmt":"2020-02-10T13:33:00","guid":{"rendered":"https:\/\/arquivosfutebolbrasil.com.br\/blog\/?p=6325"},"modified":"2020-01-31T10:34:23","modified_gmt":"2020-01-31T13:34:23","slug":"torneio-comemorativo-de-rondonia-1948","status":"publish","type":"post","link":"https:\/\/arquivosfutebolbrasil.com.br\/blog\/2020\/02\/10\/torneio-comemorativo-de-rondonia-1948\/","title":{"rendered":"Torneio Comemorativo de Rond\u00f4nia \u2013 1948"},"content":{"rendered":"\n<p>Torneio em Comemora\u00e7\u00e3o ao 5\u00ba ano de cria\u00e7\u00e3o<br>do Territ\u00f3rio do Guapor\u00e9 (atual Rond\u00f4nia)<\/p>\n\n\n\n<p>Data: 12 de setembro de 1948<br>Local: Est\u00e1dio Paulo Saldanha, em Porto Velho \/ RO<\/p>\n\n\n\n<p>Ferrovi\u00e1rio 3\u00d71 Uni\u00e3o<br>Ypiranga 5\u00d72 Nacional<\/p>\n\n\n\n<p>Data: 13 de setembro de 1948<br>Local: Est\u00e1dio Paulo Saldanha, em Porto Velho \/ RO<\/p>\n\n\n\n<p>Ferrovi\u00e1rio 1\u00d70 Ypiranga<\/p>\n\n\n\n<p>Campe\u00e3o \u2013 Ferrovi\u00e1rio Atl\u00e9tico Clube (Porto Velho)<\/p>\n\n\n\n<p>Fonte: Alto Madeira \/ RO<\/p>\n\r\n","protected":false},"excerpt":{"rendered":"<p>Torneio em Comemora\u00e7\u00e3o ao 5\u00ba ano de cria\u00e7\u00e3odo Territ\u00f3rio do Guapor\u00e9 (atual Rond\u00f4nia) Data: 12 de setembro de 1948Local: Est\u00e1dio Paulo Saldanha, em Porto Velho \/ RO Ferrovi\u00e1rio 3\u00d71 Uni\u00e3oYpiranga 5\u00d72 Nacional Data: 13 de setembro de 1948Local: Est\u00e1dio Paulo Saldanha, em Porto Velho \/ RO Ferrovi\u00e1rio 1\u00d70 Ypiranga Campe\u00e3o \u2013 Ferrovi\u00e1rio Atl\u00e9tico Clube (Porto [&hellip;]<\/p>\n","protected":false},"author":2,"featured_media":0,"comment_status":"open","ping_status":"open","sticky":false,"template":"","format":"standard","meta":{"footnotes":""},"categories":[48,33],"tags":[],"class_list":["post-6325","post","type-post","status-publish","format-standard","hentry","category-campeonatos-historicos","category-rondonia"],"_links":{"self":[{"href":"https:\/\/arquivosfutebolbrasil.com.br\/blog\/wp-json\/wp\/v2\/posts\/6325"}],"collection":[{"href":"https:\/\/arquivosfutebolbrasil.com.br\/blog\/wp-json\/wp\/v2\/posts"}],"about":[{"href":"https:\/\/arquivosfutebolbrasil.com.br\/blog\/wp-json\/wp\/v2\/types\/post"}],"author":[{"embeddable":true,"href":"https:\/\/arquivosfutebolbrasil.com.br\/blog\/wp-json\/wp\/v2\/users\/2"}],"replies":[{"embeddable":true,"href":"https:\/\/arquivosfutebolbrasil.com.br\/blog\/wp-json\/wp\/v2\/comments?post=6325"}],"version-history":[{"count":1,"href":"https:\/\/arquivosfutebolbrasil.com.br\/blog\/wp-json\/wp\/v2\/posts\/6325\/revisions"}],"predecessor-version":[{"id":6326,"href":"https:\/\/arquivosfutebolbrasil.com.br\/blog\/wp-json\/wp\/v2\/posts\/6325\/revisions\/6326"}],"wp:attachment":[{"href":"https:\/\/arquivosfutebolbrasil.com.br\/blog\/wp-json\/wp\/v2\/media?parent=6325"}],"wp:term":[{"taxonomy":"category","embeddable":true,"href":"https:\/\/arquivosfutebolbrasil.com.br\/blog\/wp-json\/wp\/v2\/categories?post=6325"},{"taxonomy":"post_tag","embeddable":true,"href":"https:\/\/arquivosfutebolbrasil.com.br\/blog\/wp-json\/wp\/v2\/tags?post=6325"}],"curies":[{"name":"wp","href":"https:\/\/api.w.org\/{rel}","templated":true}]}}