{"id":6323,"date":"2020-02-11T10:32:00","date_gmt":"2020-02-11T13:32:00","guid":{"rendered":"https:\/\/arquivosfutebolbrasil.com.br\/blog\/?p=6323"},"modified":"2020-01-31T10:32:36","modified_gmt":"2020-01-31T13:32:36","slug":"torneio-inicio-de-rio-granders-1951","status":"publish","type":"post","link":"https:\/\/arquivosfutebolbrasil.com.br\/blog\/2020\/02\/11\/torneio-inicio-de-rio-granders-1951\/","title":{"rendered":"Torneio In\u00edcio de Rio Grande(RS) \u2013 1951"},"content":{"rendered":"\n<p>Data: 17 de junho de 1951<br>Local: Rio Grande \u2013 RS<\/p>\n\n\n\n<p>1\u00ba jogo \u2013 Riograndense 2\u00d71 Rio Grande<br>2\u00ba jogo \u2013 Os\u00f3rio 1\u00d70 S\u00e3o Paulo<br>Final \u2013 Riograndense 2\u00d71 Os\u00f3rio<\/p>\n\n\n\n<p>Campe\u00e3o \u2013 Football Club Riograndense (Rio Grande)<\/p>\n\n\n\n<p>Fonte: Sports Ilustrado \/ RJ<\/p>\n\r\n","protected":false},"excerpt":{"rendered":"<p>Data: 17 de junho de 1951Local: Rio Grande \u2013 RS 1\u00ba jogo \u2013 Riograndense 2\u00d71 Rio Grande2\u00ba jogo \u2013 Os\u00f3rio 1\u00d70 S\u00e3o PauloFinal \u2013 Riograndense 2\u00d71 Os\u00f3rio Campe\u00e3o \u2013 Football Club Riograndense (Rio Grande) Fonte: Sports Ilustrado \/ RJ<\/p>\n","protected":false},"author":2,"featured_media":0,"comment_status":"open","ping_status":"open","sticky":false,"template":"","format":"standard","meta":{"footnotes":""},"categories":[48,32],"tags":[],"class_list":["post-6323","post","type-post","status-publish","format-standard","hentry","category-campeonatos-historicos","category-rio-grande-do-sul"],"_links":{"self":[{"href":"https:\/\/arquivosfutebolbrasil.com.br\/blog\/wp-json\/wp\/v2\/posts\/6323"}],"collection":[{"href":"https:\/\/arquivosfutebolbrasil.com.br\/blog\/wp-json\/wp\/v2\/posts"}],"about":[{"href":"https:\/\/arquivosfutebolbrasil.com.br\/blog\/wp-json\/wp\/v2\/types\/post"}],"author":[{"embeddable":true,"href":"https:\/\/arquivosfutebolbrasil.com.br\/blog\/wp-json\/wp\/v2\/users\/2"}],"replies":[{"embeddable":true,"href":"https:\/\/arquivosfutebolbrasil.com.br\/blog\/wp-json\/wp\/v2\/comments?post=6323"}],"version-history":[{"count":1,"href":"https:\/\/arquivosfutebolbrasil.com.br\/blog\/wp-json\/wp\/v2\/posts\/6323\/revisions"}],"predecessor-version":[{"id":6324,"href":"https:\/\/arquivosfutebolbrasil.com.br\/blog\/wp-json\/wp\/v2\/posts\/6323\/revisions\/6324"}],"wp:attachment":[{"href":"https:\/\/arquivosfutebolbrasil.com.br\/blog\/wp-json\/wp\/v2\/media?parent=6323"}],"wp:term":[{"taxonomy":"category","embeddable":true,"href":"https:\/\/arquivosfutebolbrasil.com.br\/blog\/wp-json\/wp\/v2\/categories?post=6323"},{"taxonomy":"post_tag","embeddable":true,"href":"https:\/\/arquivosfutebolbrasil.com.br\/blog\/wp-json\/wp\/v2\/tags?post=6323"}],"curies":[{"name":"wp","href":"https:\/\/api.w.org\/{rel}","templated":true}]}}