{"id":6306,"date":"2020-01-31T06:40:47","date_gmt":"2020-01-31T09:40:47","guid":{"rendered":"https:\/\/arquivosfutebolbrasil.com.br\/blog\/?p=6306"},"modified":"2020-01-31T06:40:48","modified_gmt":"2020-01-31T09:40:48","slug":"torneio-inicio-capixaba-1958","status":"publish","type":"post","link":"https:\/\/arquivosfutebolbrasil.com.br\/blog\/2020\/01\/31\/torneio-inicio-capixaba-1958\/","title":{"rendered":"Torneio In\u00edcio Capixaba \u2013 1958"},"content":{"rendered":"\n<p>Data: 15 de maio de 1958<br>Local: Est\u00e1dio Governador Bley, em Vit\u00f3ria \u2013 ES<\/p>\n\n\n\n<p>1\u00ba jogo \u2013 Rio Branco 0x0 Santo Ant\u00f4nio (2\u00d70 esc)<br>2\u00ba jogo \u2013 Valeriodoce 0x0 Ferrovi\u00e1rio (2\u00d71 pen)<br>3\u00ba jogo \u2013 Vit\u00f3ria 1\u00d70 Caxias<br>4\u00ba jogo \u2013 Americano 0x0 Atl\u00e9tico (2\u00d70 esc)<br>5\u00ba jogo \u2013 Valeriodoce 1\u00d70 Rio Branco<br>6\u00ba jogo \u2013 Vit\u00f3ria 1\u00d71 Americano (3\u00d72 pen)<br>Final \u2013 Vit\u00f3ria 1\u00d70 Valeriodoce<\/p>\n\n\n\n<p>Campe\u00e3o \u2013 Vit\u00f3ria Futebol Clube (Vit\u00f3ria \u2013 ES)<\/p>\n\n\n\n<p>Fonte: Arquivos do Autor<\/p>\n\r\n","protected":false},"excerpt":{"rendered":"<p>Data: 15 de maio de 1958Local: Est\u00e1dio Governador Bley, em Vit\u00f3ria \u2013 ES 1\u00ba jogo \u2013 Rio Branco 0x0 Santo Ant\u00f4nio (2\u00d70 esc)2\u00ba jogo \u2013 Valeriodoce 0x0 Ferrovi\u00e1rio (2\u00d71 pen)3\u00ba jogo \u2013 Vit\u00f3ria 1\u00d70 Caxias4\u00ba jogo \u2013 Americano 0x0 Atl\u00e9tico (2\u00d70 esc)5\u00ba jogo \u2013 Valeriodoce 1\u00d70 Rio Branco6\u00ba jogo \u2013 Vit\u00f3ria 1\u00d71 Americano (3\u00d72 pen)Final [&hellip;]<\/p>\n","protected":false},"author":2,"featured_media":0,"comment_status":"open","ping_status":"open","sticky":false,"template":"","format":"standard","meta":{"footnotes":""},"categories":[48,18],"tags":[],"class_list":["post-6306","post","type-post","status-publish","format-standard","hentry","category-campeonatos-historicos","category-espirito-santo"],"_links":{"self":[{"href":"https:\/\/arquivosfutebolbrasil.com.br\/blog\/wp-json\/wp\/v2\/posts\/6306"}],"collection":[{"href":"https:\/\/arquivosfutebolbrasil.com.br\/blog\/wp-json\/wp\/v2\/posts"}],"about":[{"href":"https:\/\/arquivosfutebolbrasil.com.br\/blog\/wp-json\/wp\/v2\/types\/post"}],"author":[{"embeddable":true,"href":"https:\/\/arquivosfutebolbrasil.com.br\/blog\/wp-json\/wp\/v2\/users\/2"}],"replies":[{"embeddable":true,"href":"https:\/\/arquivosfutebolbrasil.com.br\/blog\/wp-json\/wp\/v2\/comments?post=6306"}],"version-history":[{"count":1,"href":"https:\/\/arquivosfutebolbrasil.com.br\/blog\/wp-json\/wp\/v2\/posts\/6306\/revisions"}],"predecessor-version":[{"id":6307,"href":"https:\/\/arquivosfutebolbrasil.com.br\/blog\/wp-json\/wp\/v2\/posts\/6306\/revisions\/6307"}],"wp:attachment":[{"href":"https:\/\/arquivosfutebolbrasil.com.br\/blog\/wp-json\/wp\/v2\/media?parent=6306"}],"wp:term":[{"taxonomy":"category","embeddable":true,"href":"https:\/\/arquivosfutebolbrasil.com.br\/blog\/wp-json\/wp\/v2\/categories?post=6306"},{"taxonomy":"post_tag","embeddable":true,"href":"https:\/\/arquivosfutebolbrasil.com.br\/blog\/wp-json\/wp\/v2\/tags?post=6306"}],"curies":[{"name":"wp","href":"https:\/\/api.w.org\/{rel}","templated":true}]}}