{"id":6304,"date":"2020-01-31T06:39:59","date_gmt":"2020-01-31T09:39:59","guid":{"rendered":"https:\/\/arquivosfutebolbrasil.com.br\/blog\/?p=6304"},"modified":"2020-01-31T06:39:59","modified_gmt":"2020-01-31T09:39:59","slug":"8o-trofeu-cidade-de-sao-paulo-de-futsal-1985","status":"publish","type":"post","link":"https:\/\/arquivosfutebolbrasil.com.br\/blog\/2020\/01\/31\/8o-trofeu-cidade-de-sao-paulo-de-futsal-1985\/","title":{"rendered":"8\u00ba Trof\u00e9u Cidade de S\u00e3o Paulo de Futsal \u2013 1985"},"content":{"rendered":"\n<p><strong>Turno \u00danico<\/strong><\/p>\n\n\n\n<p>05.03.1985<br>\u00c1gua Branca 1\u00d70 Banespa<br>Corinthians 8\u00d73 Palmeiras<br>06.03.1985<br>Banespa 3\u00d71 Palmeiras<br>\u00c1gua Branca 3\u00d70 Corinthians<br>08.03.1985<br>\u00c1gua Branca W0x0 Palmeiras<br>Banespa x Corinthians (cancelado)<br><br>Campe\u00e3o \u2013 Gr\u00eamio \u00c1gua Branca Futebol Clube (Osasco)<\/p>\n\n\n\n<p>Fonte: Popular da Tarde \/ SP<\/p>\n\r\n","protected":false},"excerpt":{"rendered":"<p>Turno \u00danico 05.03.1985\u00c1gua Branca 1\u00d70 BanespaCorinthians 8\u00d73 Palmeiras06.03.1985Banespa 3\u00d71 Palmeiras\u00c1gua Branca 3\u00d70 Corinthians08.03.1985\u00c1gua Branca W0x0 PalmeirasBanespa x Corinthians (cancelado) Campe\u00e3o \u2013 Gr\u00eamio \u00c1gua Branca Futebol Clube (Osasco) Fonte: Popular da Tarde \/ SP<\/p>\n","protected":false},"author":2,"featured_media":0,"comment_status":"open","ping_status":"open","sticky":false,"template":"","format":"standard","meta":{"footnotes":""},"categories":[48,51,35],"tags":[],"class_list":["post-6304","post","type-post","status-publish","format-standard","hentry","category-campeonatos-historicos","category-futebol-de-praia-futsal","category-sao-paulo"],"_links":{"self":[{"href":"https:\/\/arquivosfutebolbrasil.com.br\/blog\/wp-json\/wp\/v2\/posts\/6304"}],"collection":[{"href":"https:\/\/arquivosfutebolbrasil.com.br\/blog\/wp-json\/wp\/v2\/posts"}],"about":[{"href":"https:\/\/arquivosfutebolbrasil.com.br\/blog\/wp-json\/wp\/v2\/types\/post"}],"author":[{"embeddable":true,"href":"https:\/\/arquivosfutebolbrasil.com.br\/blog\/wp-json\/wp\/v2\/users\/2"}],"replies":[{"embeddable":true,"href":"https:\/\/arquivosfutebolbrasil.com.br\/blog\/wp-json\/wp\/v2\/comments?post=6304"}],"version-history":[{"count":1,"href":"https:\/\/arquivosfutebolbrasil.com.br\/blog\/wp-json\/wp\/v2\/posts\/6304\/revisions"}],"predecessor-version":[{"id":6305,"href":"https:\/\/arquivosfutebolbrasil.com.br\/blog\/wp-json\/wp\/v2\/posts\/6304\/revisions\/6305"}],"wp:attachment":[{"href":"https:\/\/arquivosfutebolbrasil.com.br\/blog\/wp-json\/wp\/v2\/media?parent=6304"}],"wp:term":[{"taxonomy":"category","embeddable":true,"href":"https:\/\/arquivosfutebolbrasil.com.br\/blog\/wp-json\/wp\/v2\/categories?post=6304"},{"taxonomy":"post_tag","embeddable":true,"href":"https:\/\/arquivosfutebolbrasil.com.br\/blog\/wp-json\/wp\/v2\/tags?post=6304"}],"curies":[{"name":"wp","href":"https:\/\/api.w.org\/{rel}","templated":true}]}}