{"id":6276,"date":"2020-02-06T06:24:00","date_gmt":"2020-02-06T09:24:00","guid":{"rendered":"https:\/\/arquivosfutebolbrasil.com.br\/blog\/?p=6276"},"modified":"2020-01-31T06:25:04","modified_gmt":"2020-01-31T09:25:04","slug":"campeonato-citadino-de-sao-jose-do-rio-pretosp-1947","status":"publish","type":"post","link":"https:\/\/arquivosfutebolbrasil.com.br\/blog\/2020\/02\/06\/campeonato-citadino-de-sao-jose-do-rio-pretosp-1947\/","title":{"rendered":"Campeonato Citadino de S\u00e3o Jos\u00e9 do Rio Preto(SP) \u2013 1947"},"content":{"rendered":"\n<p><strong>Equipes Participantes:<\/strong><\/p>\n\n\n\n<ul class=\"wp-block-list\"><li>Am\u00e9rica Futebol Clube (S\u00e3o Jos\u00e9 do Rio Preto)<\/li><li>Caf\u00e9 Futebol Clube (S\u00e3o Jos\u00e9 do Rio Preto)<\/li><li>Palestra Futebol Clube (S\u00e3o Jos\u00e9 do Rio Preto)<\/li><li>Rio Preto Esporte Clube (S\u00e3o Jos\u00e9 do Rio Preto)<\/li><\/ul>\n\n\n\n<p><strong>1\u00ba Turno<\/strong><\/p>\n\n\n\n<p>27.04.1947<br>Am\u00e9rica 4\u00d70 Rio Preto<br>04.05.1947<br>Caf\u00e9 3\u00d72 Palestra<br>11.05.1947<br>Am\u00e9rica 2\u00d72 Palestra<br>18.05.1947<br>Rio Preto 3\u00d72 Caf\u00e9<br>25.05.1947<br>Palestra 4\u00d72 Rio Preto<br>01.06.1947<br>Am\u00e9rica 2\u00d71 Caf\u00e9<\/p>\n\n\n\n<p><strong>2\u00ba Turno<\/strong><\/p>\n\n\n\n<p>08.06.1947<br>Palestra 2\u00d71 Rio Preto<br>15.06.1947<br>Am\u00e9rica 4\u00d72 Caf\u00e9<br>22.06.1947<br>Rio Preto 4\u00d70 Caf\u00e9<br>29.06.1947<br>Am\u00e9rica 1\u00d70 Palestra<br>06.07.1947<br>Am\u00e9rica 4\u00d71 Rio Preto<br>13.07.1947<br>Palestra 9\u00d72 Caf\u00e9<\/p>\n\n\n\n<p>Campe\u00e3o \u2013 Am\u00e9rica Futebol Clube (S\u00e3o Jos\u00e9 do Rio Preto)<\/p>\n\n\n\n<p>Fonte: A Not\u00edcia \/ SP<\/p>\n\r\n","protected":false},"excerpt":{"rendered":"<p>Equipes Participantes: Am\u00e9rica Futebol Clube (S\u00e3o Jos\u00e9 do Rio Preto) Caf\u00e9 Futebol Clube (S\u00e3o Jos\u00e9 do Rio Preto) Palestra Futebol Clube (S\u00e3o Jos\u00e9 do Rio Preto) Rio Preto Esporte Clube (S\u00e3o Jos\u00e9 do Rio Preto) 1\u00ba Turno 27.04.1947Am\u00e9rica 4\u00d70 Rio Preto04.05.1947Caf\u00e9 3\u00d72 Palestra11.05.1947Am\u00e9rica 2\u00d72 Palestra18.05.1947Rio Preto 3\u00d72 Caf\u00e925.05.1947Palestra 4\u00d72 Rio Preto01.06.1947Am\u00e9rica 2\u00d71 Caf\u00e9 2\u00ba Turno [&hellip;]<\/p>\n","protected":false},"author":2,"featured_media":0,"comment_status":"open","ping_status":"open","sticky":false,"template":"","format":"standard","meta":{"footnotes":""},"categories":[48,35],"tags":[],"class_list":["post-6276","post","type-post","status-publish","format-standard","hentry","category-campeonatos-historicos","category-sao-paulo"],"_links":{"self":[{"href":"https:\/\/arquivosfutebolbrasil.com.br\/blog\/wp-json\/wp\/v2\/posts\/6276"}],"collection":[{"href":"https:\/\/arquivosfutebolbrasil.com.br\/blog\/wp-json\/wp\/v2\/posts"}],"about":[{"href":"https:\/\/arquivosfutebolbrasil.com.br\/blog\/wp-json\/wp\/v2\/types\/post"}],"author":[{"embeddable":true,"href":"https:\/\/arquivosfutebolbrasil.com.br\/blog\/wp-json\/wp\/v2\/users\/2"}],"replies":[{"embeddable":true,"href":"https:\/\/arquivosfutebolbrasil.com.br\/blog\/wp-json\/wp\/v2\/comments?post=6276"}],"version-history":[{"count":1,"href":"https:\/\/arquivosfutebolbrasil.com.br\/blog\/wp-json\/wp\/v2\/posts\/6276\/revisions"}],"predecessor-version":[{"id":6277,"href":"https:\/\/arquivosfutebolbrasil.com.br\/blog\/wp-json\/wp\/v2\/posts\/6276\/revisions\/6277"}],"wp:attachment":[{"href":"https:\/\/arquivosfutebolbrasil.com.br\/blog\/wp-json\/wp\/v2\/media?parent=6276"}],"wp:term":[{"taxonomy":"category","embeddable":true,"href":"https:\/\/arquivosfutebolbrasil.com.br\/blog\/wp-json\/wp\/v2\/categories?post=6276"},{"taxonomy":"post_tag","embeddable":true,"href":"https:\/\/arquivosfutebolbrasil.com.br\/blog\/wp-json\/wp\/v2\/tags?post=6276"}],"curies":[{"name":"wp","href":"https:\/\/api.w.org\/{rel}","templated":true}]}}