{"id":5796,"date":"2020-01-19T17:25:11","date_gmt":"2020-01-19T20:25:11","guid":{"rendered":"https:\/\/arquivosfutebolbrasil.com.br\/blog\/?p=5796"},"modified":"2020-01-19T17:25:12","modified_gmt":"2020-01-19T20:25:12","slug":"campeonato-catarinense-de-futsal-1961","status":"publish","type":"post","link":"https:\/\/arquivosfutebolbrasil.com.br\/blog\/2020\/01\/19\/campeonato-catarinense-de-futsal-1961\/","title":{"rendered":"Campeonato Catarinense de Futsal &#8211; 1961"},"content":{"rendered":"\n<div class=\"wp-block-image\"><figure class=\"aligncenter size-large is-resized\"><img loading=\"lazy\" decoding=\"async\" src=\"https:\/\/arquivosfutebolbrasil.com.br\/blog\/wp-content\/uploads\/2020\/01\/1-285.jpg\" alt=\"\" class=\"wp-image-5797\" width=\"489\" height=\"407\" srcset=\"https:\/\/arquivosfutebolbrasil.com.br\/blog\/wp-content\/uploads\/2020\/01\/1-285.jpg 427w, https:\/\/arquivosfutebolbrasil.com.br\/blog\/wp-content\/uploads\/2020\/01\/1-285-300x249.jpg 300w\" sizes=\"(max-width: 489px) 100vw, 489px\" \/><figcaption>Bocai\u00fava Esporte Clube<br>Campe\u00e3o<\/figcaption><\/figure><\/div>\n\n\n\n<p>Equipes Participantes:<\/p>\n\n\n\n<p>Am\u00e9rica Futebol Clube (Joinville)<br>Associa\u00e7\u00e3o Atl\u00e9tica Jacar\u00e9 (Itaja\u00ed)<br>Bocai\u00fava Esporte Clube (Florian\u00f3polis)<br>Paula Ramos Esporte Clube (Florian\u00f3polis)<br>Vera Cruz Futebol Clube (Palho\u00e7a)<\/p>\n\n\n\n<p>Local: Gin\u00e1sio dos Esportes, em Joinville &#8211; SC<\/p>\n\n\n\n<p>25.11.1961<br>Paula Ramos 5&#215;1 Vera Cruz<br>Bocai\u00fava 5&#215;2 Jacar\u00e9<\/p>\n\n\n\n<p>26.11.1961<br>Jacar\u00e9 8&#215;0 Vera Cruz<br>Paula Ramos 6&#215;2 Am\u00e9rica<br>Bocai\u00fava 5&#215;2 Paula Ramos<\/p>\n\n\n\n<p>Coloca\u00e7\u00e3o Final<\/p>\n\n\n\n<p>01\u00ba Bocai\u00fava<br>02\u00ba Paula Ramos<br>03\u00ba Am\u00e9rica<br>04\u00ba Jacar\u00e9<br>05\u00ba Vera Cruz<\/p>\n\n\n\n<p>Fonte: O Estado \/ SC<\/p>\n\r\n","protected":false},"excerpt":{"rendered":"<p>Equipes Participantes: Am\u00e9rica Futebol Clube (Joinville)Associa\u00e7\u00e3o Atl\u00e9tica Jacar\u00e9 (Itaja\u00ed)Bocai\u00fava Esporte Clube (Florian\u00f3polis)Paula Ramos Esporte Clube (Florian\u00f3polis)Vera Cruz Futebol Clube (Palho\u00e7a) Local: Gin\u00e1sio dos Esportes, em Joinville &#8211; SC 25.11.1961Paula Ramos 5&#215;1 Vera CruzBocai\u00fava 5&#215;2 Jacar\u00e9 26.11.1961Jacar\u00e9 8&#215;0 Vera CruzPaula Ramos 6&#215;2 Am\u00e9ricaBocai\u00fava 5&#215;2 Paula Ramos Coloca\u00e7\u00e3o Final 01\u00ba Bocai\u00fava02\u00ba Paula Ramos03\u00ba Am\u00e9rica04\u00ba Jacar\u00e905\u00ba Vera Cruz [&hellip;]<\/p>\n","protected":false},"author":2,"featured_media":0,"comment_status":"open","ping_status":"open","sticky":false,"template":"","format":"standard","meta":{"footnotes":""},"categories":[48,51,36],"tags":[],"class_list":["post-5796","post","type-post","status-publish","format-standard","hentry","category-campeonatos-historicos","category-futebol-de-praia-futsal","category-santa-catarina"],"_links":{"self":[{"href":"https:\/\/arquivosfutebolbrasil.com.br\/blog\/wp-json\/wp\/v2\/posts\/5796"}],"collection":[{"href":"https:\/\/arquivosfutebolbrasil.com.br\/blog\/wp-json\/wp\/v2\/posts"}],"about":[{"href":"https:\/\/arquivosfutebolbrasil.com.br\/blog\/wp-json\/wp\/v2\/types\/post"}],"author":[{"embeddable":true,"href":"https:\/\/arquivosfutebolbrasil.com.br\/blog\/wp-json\/wp\/v2\/users\/2"}],"replies":[{"embeddable":true,"href":"https:\/\/arquivosfutebolbrasil.com.br\/blog\/wp-json\/wp\/v2\/comments?post=5796"}],"version-history":[{"count":1,"href":"https:\/\/arquivosfutebolbrasil.com.br\/blog\/wp-json\/wp\/v2\/posts\/5796\/revisions"}],"predecessor-version":[{"id":5798,"href":"https:\/\/arquivosfutebolbrasil.com.br\/blog\/wp-json\/wp\/v2\/posts\/5796\/revisions\/5798"}],"wp:attachment":[{"href":"https:\/\/arquivosfutebolbrasil.com.br\/blog\/wp-json\/wp\/v2\/media?parent=5796"}],"wp:term":[{"taxonomy":"category","embeddable":true,"href":"https:\/\/arquivosfutebolbrasil.com.br\/blog\/wp-json\/wp\/v2\/categories?post=5796"},{"taxonomy":"post_tag","embeddable":true,"href":"https:\/\/arquivosfutebolbrasil.com.br\/blog\/wp-json\/wp\/v2\/tags?post=5796"}],"curies":[{"name":"wp","href":"https:\/\/api.w.org\/{rel}","templated":true}]}}