{"id":5471,"date":"2020-01-14T17:22:00","date_gmt":"2020-01-14T20:22:00","guid":{"rendered":"https:\/\/arquivosfutebolbrasil.com.br\/blog\/?p=5471"},"modified":"2020-01-11T17:22:44","modified_gmt":"2020-01-11T20:22:44","slug":"torneio-inicio-maranhense-1953","status":"publish","type":"post","link":"https:\/\/arquivosfutebolbrasil.com.br\/blog\/2020\/01\/14\/torneio-inicio-maranhense-1953\/","title":{"rendered":"Torneio In\u00edcio Maranhense &#8211; 1953"},"content":{"rendered":"\n<p>Data: 06 de agosto de 1953<br>\nLocal: S\u00e3o Lu\u00eds &#8211; MA<\/p>\n\n\n\n<p>1\u00ba jogo &#8211; Maranh\u00e3o 1&#215;0 Flamengo<br>\n2\u00ba jogo &#8211; Vit\u00f3ria do Mar 0x0 General Sampaio (3&#215;2 pen)<br>\n3\u00ba jogo &#8211; Moto Clube 0x0 Sampaio Corr\u00eaa (5&#215;4 pen)<br>\n4\u00ba jogo &#8211; Vit\u00f3ria do Mar 0x0 Maranh\u00e3o (3&#215;1 pen)<br>\nFinal   &#8211; Vit\u00f3ria do Mar 3&#215;2 Moto Clube<\/p>\n\n\n\n<p>Campe\u00e3o &#8211; Vit\u00f3ria do Mar Futebol Clube (S\u00e3o Lu\u00eds &#8211; MA)<\/p>\n\n\n\n<p>Fonte: Arquivos de Manoel Raimundo do Amaral<\/p>\n\r\n","protected":false},"excerpt":{"rendered":"<p>Data: 06 de agosto de 1953 Local: S\u00e3o Lu\u00eds &#8211; MA 1\u00ba jogo &#8211; Maranh\u00e3o 1&#215;0 Flamengo 2\u00ba jogo &#8211; Vit\u00f3ria do Mar 0x0 General Sampaio (3&#215;2 pen) 3\u00ba jogo &#8211; Moto Clube 0x0 Sampaio Corr\u00eaa (5&#215;4 pen) 4\u00ba jogo &#8211; Vit\u00f3ria do Mar 0x0 Maranh\u00e3o (3&#215;1 pen) Final &#8211; Vit\u00f3ria do Mar 3&#215;2 Moto [&hellip;]<\/p>\n","protected":false},"author":2,"featured_media":0,"comment_status":"open","ping_status":"open","sticky":false,"template":"","format":"standard","meta":{"footnotes":""},"categories":[48,20],"tags":[],"class_list":["post-5471","post","type-post","status-publish","format-standard","hentry","category-campeonatos-historicos","category-maranhao"],"_links":{"self":[{"href":"https:\/\/arquivosfutebolbrasil.com.br\/blog\/wp-json\/wp\/v2\/posts\/5471"}],"collection":[{"href":"https:\/\/arquivosfutebolbrasil.com.br\/blog\/wp-json\/wp\/v2\/posts"}],"about":[{"href":"https:\/\/arquivosfutebolbrasil.com.br\/blog\/wp-json\/wp\/v2\/types\/post"}],"author":[{"embeddable":true,"href":"https:\/\/arquivosfutebolbrasil.com.br\/blog\/wp-json\/wp\/v2\/users\/2"}],"replies":[{"embeddable":true,"href":"https:\/\/arquivosfutebolbrasil.com.br\/blog\/wp-json\/wp\/v2\/comments?post=5471"}],"version-history":[{"count":1,"href":"https:\/\/arquivosfutebolbrasil.com.br\/blog\/wp-json\/wp\/v2\/posts\/5471\/revisions"}],"predecessor-version":[{"id":5472,"href":"https:\/\/arquivosfutebolbrasil.com.br\/blog\/wp-json\/wp\/v2\/posts\/5471\/revisions\/5472"}],"wp:attachment":[{"href":"https:\/\/arquivosfutebolbrasil.com.br\/blog\/wp-json\/wp\/v2\/media?parent=5471"}],"wp:term":[{"taxonomy":"category","embeddable":true,"href":"https:\/\/arquivosfutebolbrasil.com.br\/blog\/wp-json\/wp\/v2\/categories?post=5471"},{"taxonomy":"post_tag","embeddable":true,"href":"https:\/\/arquivosfutebolbrasil.com.br\/blog\/wp-json\/wp\/v2\/tags?post=5471"}],"curies":[{"name":"wp","href":"https:\/\/api.w.org\/{rel}","templated":true}]}}