{"id":5304,"date":"2020-01-07T13:02:42","date_gmt":"2020-01-07T16:02:42","guid":{"rendered":"https:\/\/arquivosfutebolbrasil.com.br\/blog\/?p=5304"},"modified":"2020-01-10T20:51:51","modified_gmt":"2020-01-10T23:51:51","slug":"torneio-sul-brasileiro-de-futebol-amador-1993","status":"publish","type":"post","link":"https:\/\/arquivosfutebolbrasil.com.br\/blog\/2020\/01\/07\/torneio-sul-brasileiro-de-futebol-amador-1993\/","title":{"rendered":"Torneio Sul Brasileiro de Futebol Amador &#8211; 1993"},"content":{"rendered":"\n<p><strong>Equipes Participantes:<\/strong><\/p>\n\n\n\n<p>Clube Cultural e Esportivo Vila Rosa (Dois Irm\u00e3os &#8211; RS)<br>\nPalmeira Futebol Clube (Palmeira &#8211; PR)<br>\nP\u00e9rola Esporte Clube (S\u00e3o Miguel d&#8217;Oeste &#8211; SC)<br>\nVila Fani Futebol Clube (Curitiba &#8211; PR)<\/p>\n\n\n\n<p>Local: Dois Irm\u00e3os &#8211; RS<\/p>\n\n\n\n<p><strong>Turno \u00danico<\/strong><\/p>\n\n\n\n<p>16.07.1993<br> Vila Fani 2&#215;0 Palmeira<br> Vila Rosa 1&#215;0 P\u00e9rola<br> 17.07.1993<br> Vila Fani 3&#215;0 P\u00e9rola<br> Vila Rosa 4&#215;0 Palmeira<br> 18.07.1993<br> Palmeira 1&#215;1 P\u00e9rola<br> Vila Rosa 2&#215;1 Vila Fani<\/p>\n\n\n\n<p>Obs.: O Vila Rosa foi eliminado por ter inclu\u00eddo atletas profissionais em sua equipe durante a competi\u00e7\u00e3o<\/p>\n\n\n\n<p>Campe\u00e3o &#8211; Vila Fani Futebol Clube (Curitiba &#8211; PR)<\/p>\n\n\n\n<p>Fonte: Levi Mulford Chrestenzen<\/p>\n\r\n","protected":false},"excerpt":{"rendered":"<p>Equipes Participantes: Clube Cultural e Esportivo Vila Rosa (Dois Irm\u00e3os &#8211; RS) Palmeira Futebol Clube (Palmeira &#8211; PR) P\u00e9rola Esporte Clube (S\u00e3o Miguel d&#8217;Oeste &#8211; SC) Vila Fani Futebol Clube (Curitiba &#8211; PR) Local: Dois Irm\u00e3os &#8211; RS Turno \u00danico 16.07.1993 Vila Fani 2&#215;0 Palmeira Vila Rosa 1&#215;0 P\u00e9rola 17.07.1993 Vila Fani 3&#215;0 P\u00e9rola Vila [&hellip;]<\/p>\n","protected":false},"author":2,"featured_media":0,"comment_status":"open","ping_status":"open","sticky":false,"template":"","format":"standard","meta":{"footnotes":""},"categories":[48,49,25,32,36],"tags":[],"class_list":["post-5304","post","type-post","status-publish","format-standard","hentry","category-campeonatos-historicos","category-futebol-amador-varzeano","category-parana","category-rio-grande-do-sul","category-santa-catarina"],"_links":{"self":[{"href":"https:\/\/arquivosfutebolbrasil.com.br\/blog\/wp-json\/wp\/v2\/posts\/5304"}],"collection":[{"href":"https:\/\/arquivosfutebolbrasil.com.br\/blog\/wp-json\/wp\/v2\/posts"}],"about":[{"href":"https:\/\/arquivosfutebolbrasil.com.br\/blog\/wp-json\/wp\/v2\/types\/post"}],"author":[{"embeddable":true,"href":"https:\/\/arquivosfutebolbrasil.com.br\/blog\/wp-json\/wp\/v2\/users\/2"}],"replies":[{"embeddable":true,"href":"https:\/\/arquivosfutebolbrasil.com.br\/blog\/wp-json\/wp\/v2\/comments?post=5304"}],"version-history":[{"count":2,"href":"https:\/\/arquivosfutebolbrasil.com.br\/blog\/wp-json\/wp\/v2\/posts\/5304\/revisions"}],"predecessor-version":[{"id":5434,"href":"https:\/\/arquivosfutebolbrasil.com.br\/blog\/wp-json\/wp\/v2\/posts\/5304\/revisions\/5434"}],"wp:attachment":[{"href":"https:\/\/arquivosfutebolbrasil.com.br\/blog\/wp-json\/wp\/v2\/media?parent=5304"}],"wp:term":[{"taxonomy":"category","embeddable":true,"href":"https:\/\/arquivosfutebolbrasil.com.br\/blog\/wp-json\/wp\/v2\/categories?post=5304"},{"taxonomy":"post_tag","embeddable":true,"href":"https:\/\/arquivosfutebolbrasil.com.br\/blog\/wp-json\/wp\/v2\/tags?post=5304"}],"curies":[{"name":"wp","href":"https:\/\/api.w.org\/{rel}","templated":true}]}}