{"id":49,"date":"2019-10-28T17:38:53","date_gmt":"2019-10-28T20:38:53","guid":{"rendered":"https:\/\/arquivosfutebolbrasil.com.br\/blog\/?p=49"},"modified":"2019-10-28T17:38:54","modified_gmt":"2019-10-28T20:38:54","slug":"clubes-do-amazonas-amazonas-futebol-clube-manaus","status":"publish","type":"post","link":"https:\/\/arquivosfutebolbrasil.com.br\/blog\/2019\/10\/28\/clubes-do-amazonas-amazonas-futebol-clube-manaus\/","title":{"rendered":"Clubes do Amazonas &#8211; Amazonas Futebol Clube (Manaus)"},"content":{"rendered":"\n<p>Nome: Amazonas Futebol Clube<br>Cidade: Manaus &#8211; AM<br>Funda\u00e7\u00e3o: 23 de maio de 2019<br>Cores: amarelo \/ preto \/ branco<br>Funda\u00e7\u00e3o: Disputa atualmente a S\u00e9rie B (2\u00aa Divis\u00e3o) do Campeonato Amazonense<\/p>\n\n\n\n<div class=\"wp-block-image\"><figure class=\"aligncenter\"><img loading=\"lazy\" decoding=\"async\" width=\"209\" height=\"236\" src=\"https:\/\/arquivosfutebolbrasil.com.br\/blog\/wp-content\/uploads\/2019\/10\/2-3.jpg\" alt=\"\" class=\"wp-image-50\"\/><figcaption>Fonte: blogmarioadolfo.com.br<\/figcaption><\/figure><\/div>\n\r\n","protected":false},"excerpt":{"rendered":"<p>Nome: Amazonas Futebol ClubeCidade: Manaus &#8211; AMFunda\u00e7\u00e3o: 23 de maio de 2019Cores: amarelo \/ preto \/ brancoFunda\u00e7\u00e3o: Disputa atualmente a S\u00e9rie B (2\u00aa Divis\u00e3o) do Campeonato Amazonense<\/p>\n","protected":false},"author":2,"featured_media":0,"comment_status":"open","ping_status":"open","sticky":false,"template":"","format":"standard","meta":{"footnotes":""},"categories":[2,1],"tags":[],"class_list":["post-49","post","type-post","status-publish","format-standard","hentry","category-amazonas","category-brasil"],"_links":{"self":[{"href":"https:\/\/arquivosfutebolbrasil.com.br\/blog\/wp-json\/wp\/v2\/posts\/49"}],"collection":[{"href":"https:\/\/arquivosfutebolbrasil.com.br\/blog\/wp-json\/wp\/v2\/posts"}],"about":[{"href":"https:\/\/arquivosfutebolbrasil.com.br\/blog\/wp-json\/wp\/v2\/types\/post"}],"author":[{"embeddable":true,"href":"https:\/\/arquivosfutebolbrasil.com.br\/blog\/wp-json\/wp\/v2\/users\/2"}],"replies":[{"embeddable":true,"href":"https:\/\/arquivosfutebolbrasil.com.br\/blog\/wp-json\/wp\/v2\/comments?post=49"}],"version-history":[{"count":1,"href":"https:\/\/arquivosfutebolbrasil.com.br\/blog\/wp-json\/wp\/v2\/posts\/49\/revisions"}],"predecessor-version":[{"id":51,"href":"https:\/\/arquivosfutebolbrasil.com.br\/blog\/wp-json\/wp\/v2\/posts\/49\/revisions\/51"}],"wp:attachment":[{"href":"https:\/\/arquivosfutebolbrasil.com.br\/blog\/wp-json\/wp\/v2\/media?parent=49"}],"wp:term":[{"taxonomy":"category","embeddable":true,"href":"https:\/\/arquivosfutebolbrasil.com.br\/blog\/wp-json\/wp\/v2\/categories?post=49"},{"taxonomy":"post_tag","embeddable":true,"href":"https:\/\/arquivosfutebolbrasil.com.br\/blog\/wp-json\/wp\/v2\/tags?post=49"}],"curies":[{"name":"wp","href":"https:\/\/api.w.org\/{rel}","templated":true}]}}