{"id":4803,"date":"2020-01-03T18:54:00","date_gmt":"2020-01-03T21:54:00","guid":{"rendered":"https:\/\/arquivosfutebolbrasil.com.br\/blog\/?p=4803"},"modified":"2020-01-02T18:54:48","modified_gmt":"2020-01-02T21:54:48","slug":"foto-historica-sao-cristovao-de-futebol-e-regatas-rio-de-janeiro-rj-1973","status":"publish","type":"post","link":"https:\/\/arquivosfutebolbrasil.com.br\/blog\/2020\/01\/03\/foto-historica-sao-cristovao-de-futebol-e-regatas-rio-de-janeiro-rj-1973\/","title":{"rendered":"Foto Hist\u00f3rica &#8211; S\u00e3o Crist\u00f3v\u00e3o de Futebol e Regatas (Rio de Janeiro &#8211; RJ) &#8211; 1973"},"content":{"rendered":"\n<figure class=\"wp-block-image size-large is-resized\"><img loading=\"lazy\" decoding=\"async\" src=\"https:\/\/arquivosfutebolbrasil.com.br\/blog\/wp-content\/uploads\/2020\/01\/1-43.jpg\" alt=\"\" class=\"wp-image-4804\" width=\"607\" height=\"407\" srcset=\"https:\/\/arquivosfutebolbrasil.com.br\/blog\/wp-content\/uploads\/2020\/01\/1-43.jpg 551w, https:\/\/arquivosfutebolbrasil.com.br\/blog\/wp-content\/uploads\/2020\/01\/1-43-300x201.jpg 300w\" sizes=\"(max-width: 607px) 100vw, 607px\" \/><figcaption>Fonte: Arquivos do Autor<\/figcaption><\/figure>\n\r\n","protected":false},"excerpt":{"rendered":"","protected":false},"author":2,"featured_media":0,"comment_status":"open","ping_status":"open","sticky":false,"template":"","format":"standard","meta":{"footnotes":""},"categories":[54,29],"tags":[],"class_list":["post-4803","post","type-post","status-publish","format-standard","hentry","category-fotos-historicas","category-rio-de-janeiro"],"_links":{"self":[{"href":"https:\/\/arquivosfutebolbrasil.com.br\/blog\/wp-json\/wp\/v2\/posts\/4803"}],"collection":[{"href":"https:\/\/arquivosfutebolbrasil.com.br\/blog\/wp-json\/wp\/v2\/posts"}],"about":[{"href":"https:\/\/arquivosfutebolbrasil.com.br\/blog\/wp-json\/wp\/v2\/types\/post"}],"author":[{"embeddable":true,"href":"https:\/\/arquivosfutebolbrasil.com.br\/blog\/wp-json\/wp\/v2\/users\/2"}],"replies":[{"embeddable":true,"href":"https:\/\/arquivosfutebolbrasil.com.br\/blog\/wp-json\/wp\/v2\/comments?post=4803"}],"version-history":[{"count":1,"href":"https:\/\/arquivosfutebolbrasil.com.br\/blog\/wp-json\/wp\/v2\/posts\/4803\/revisions"}],"predecessor-version":[{"id":4805,"href":"https:\/\/arquivosfutebolbrasil.com.br\/blog\/wp-json\/wp\/v2\/posts\/4803\/revisions\/4805"}],"wp:attachment":[{"href":"https:\/\/arquivosfutebolbrasil.com.br\/blog\/wp-json\/wp\/v2\/media?parent=4803"}],"wp:term":[{"taxonomy":"category","embeddable":true,"href":"https:\/\/arquivosfutebolbrasil.com.br\/blog\/wp-json\/wp\/v2\/categories?post=4803"},{"taxonomy":"post_tag","embeddable":true,"href":"https:\/\/arquivosfutebolbrasil.com.br\/blog\/wp-json\/wp\/v2\/tags?post=4803"}],"curies":[{"name":"wp","href":"https:\/\/api.w.org\/{rel}","templated":true}]}}