{"id":4782,"date":"2020-01-02T15:44:40","date_gmt":"2020-01-02T18:44:40","guid":{"rendered":"https:\/\/arquivosfutebolbrasil.com.br\/blog\/?p=4782"},"modified":"2020-01-02T15:44:41","modified_gmt":"2020-01-02T18:44:41","slug":"torneio-sul-brasileiro-de-futebol-amador-1997","status":"publish","type":"post","link":"https:\/\/arquivosfutebolbrasil.com.br\/blog\/2020\/01\/02\/torneio-sul-brasileiro-de-futebol-amador-1997\/","title":{"rendered":"Torneio Sul Brasileiro de Futebol Amador &#8211; 1997"},"content":{"rendered":"\n<div class=\"wp-block-image\"><figure class=\"aligncenter size-large\"><img loading=\"lazy\" decoding=\"async\" width=\"540\" height=\"169\" src=\"https:\/\/arquivosfutebolbrasil.com.br\/blog\/wp-content\/uploads\/2020\/01\/1-36.jpg\" alt=\"\" class=\"wp-image-4783\" srcset=\"https:\/\/arquivosfutebolbrasil.com.br\/blog\/wp-content\/uploads\/2020\/01\/1-36.jpg 540w, https:\/\/arquivosfutebolbrasil.com.br\/blog\/wp-content\/uploads\/2020\/01\/1-36-300x94.jpg 300w\" sizes=\"(max-width: 540px) 100vw, 540px\" \/><\/figure><\/div>\n\n\n\n<p><strong>Equipes Participantes:<\/strong><\/p>\n\n\n\n<p>Am\u00e9rica Futebol Clube (Joinville &#8211; SC)<br>\nInternacional Esporte Clube (Campo Largo &#8211; PR)<br>\nSociedade Cultural e Esportiva 7 de Setembro (Dois Irm\u00e3os &#8211; RS)<br>\nSport Club Ivoti (Ivoti &#8211; RS)<\/p>\n\n\n\n<p>Local: Joinville &#8211; SC<\/p>\n\n\n\n<p><strong>Turno \u00danico<\/strong><\/p>\n\n\n\n<p>26.09.1997<br>\n5 de Setembro 5&#215;1 Ivoti<br>\nAm\u00e9rica 4&#215;2 Internacional<br>\n27.09.1997<br>\n7 de Setembro 4&#215;0 Internacional<br>\nAm\u00e9rica 1&#215;0 Ivoti<br>\n28.09.1997<br>\nInternacional 1&#215;0 Ivoti<br>\n7 de Setembro 4&#215;1 Am\u00e9rica<\/p>\n\n\n\n<p>Campe\u00e3 &#8211; Sociedade Cultural e Esportiva 7 de Setembro (Dois Irm\u00e3os &#8211; RS)<\/p>\n\n\n\n<p>Fonte: Levi Mulford Chrestenzen<\/p>\n\r\n","protected":false},"excerpt":{"rendered":"<p>Equipes Participantes: Am\u00e9rica Futebol Clube (Joinville &#8211; SC) Internacional Esporte Clube (Campo Largo &#8211; PR) Sociedade Cultural e Esportiva 7 de Setembro (Dois Irm\u00e3os &#8211; RS) Sport Club Ivoti (Ivoti &#8211; RS) Local: Joinville &#8211; SC Turno \u00danico 26.09.1997 5 de Setembro 5&#215;1 Ivoti Am\u00e9rica 4&#215;2 Internacional 27.09.1997 7 de Setembro 4&#215;0 Internacional Am\u00e9rica 1&#215;0 [&hellip;]<\/p>\n","protected":false},"author":2,"featured_media":0,"comment_status":"open","ping_status":"open","sticky":false,"template":"","format":"standard","meta":{"footnotes":""},"categories":[48,49,25,32,36],"tags":[],"class_list":["post-4782","post","type-post","status-publish","format-standard","hentry","category-campeonatos-historicos","category-futebol-amador-varzeano","category-parana","category-rio-grande-do-sul","category-santa-catarina"],"_links":{"self":[{"href":"https:\/\/arquivosfutebolbrasil.com.br\/blog\/wp-json\/wp\/v2\/posts\/4782"}],"collection":[{"href":"https:\/\/arquivosfutebolbrasil.com.br\/blog\/wp-json\/wp\/v2\/posts"}],"about":[{"href":"https:\/\/arquivosfutebolbrasil.com.br\/blog\/wp-json\/wp\/v2\/types\/post"}],"author":[{"embeddable":true,"href":"https:\/\/arquivosfutebolbrasil.com.br\/blog\/wp-json\/wp\/v2\/users\/2"}],"replies":[{"embeddable":true,"href":"https:\/\/arquivosfutebolbrasil.com.br\/blog\/wp-json\/wp\/v2\/comments?post=4782"}],"version-history":[{"count":1,"href":"https:\/\/arquivosfutebolbrasil.com.br\/blog\/wp-json\/wp\/v2\/posts\/4782\/revisions"}],"predecessor-version":[{"id":4784,"href":"https:\/\/arquivosfutebolbrasil.com.br\/blog\/wp-json\/wp\/v2\/posts\/4782\/revisions\/4784"}],"wp:attachment":[{"href":"https:\/\/arquivosfutebolbrasil.com.br\/blog\/wp-json\/wp\/v2\/media?parent=4782"}],"wp:term":[{"taxonomy":"category","embeddable":true,"href":"https:\/\/arquivosfutebolbrasil.com.br\/blog\/wp-json\/wp\/v2\/categories?post=4782"},{"taxonomy":"post_tag","embeddable":true,"href":"https:\/\/arquivosfutebolbrasil.com.br\/blog\/wp-json\/wp\/v2\/tags?post=4782"}],"curies":[{"name":"wp","href":"https:\/\/api.w.org\/{rel}","templated":true}]}}