{"id":4745,"date":"2020-01-02T12:06:33","date_gmt":"2020-01-02T15:06:33","guid":{"rendered":"https:\/\/arquivosfutebolbrasil.com.br\/blog\/?p=4745"},"modified":"2020-01-02T12:07:38","modified_gmt":"2020-01-02T15:07:38","slug":"foto-historica-clube-atletico-operario-joinville-sc-1956","status":"publish","type":"post","link":"https:\/\/arquivosfutebolbrasil.com.br\/blog\/2020\/01\/02\/foto-historica-clube-atletico-operario-joinville-sc-1956\/","title":{"rendered":"Foto Hist\u00f3rica &#8211; Clube Atl\u00e9tico Oper\u00e1rio (Joinville &#8211; SC) &#8211; 1956"},"content":{"rendered":"\n<figure class=\"wp-block-image size-large is-resized\"><img loading=\"lazy\" decoding=\"async\" src=\"https:\/\/arquivosfutebolbrasil.com.br\/blog\/wp-content\/uploads\/2020\/01\/1-26.jpg\" alt=\"\" class=\"wp-image-4746\" width=\"614\" height=\"390\" srcset=\"https:\/\/arquivosfutebolbrasil.com.br\/blog\/wp-content\/uploads\/2020\/01\/1-26.jpg 637w, https:\/\/arquivosfutebolbrasil.com.br\/blog\/wp-content\/uploads\/2020\/01\/1-26-300x191.jpg 300w\" sizes=\"(max-width: 614px) 100vw, 614px\" \/><figcaption>Fonte: Michel McNish<\/figcaption><\/figure>\n\r\n","protected":false},"excerpt":{"rendered":"","protected":false},"author":2,"featured_media":0,"comment_status":"open","ping_status":"open","sticky":false,"template":"","format":"standard","meta":{"footnotes":""},"categories":[54,36],"tags":[],"class_list":["post-4745","post","type-post","status-publish","format-standard","hentry","category-fotos-historicas","category-santa-catarina"],"_links":{"self":[{"href":"https:\/\/arquivosfutebolbrasil.com.br\/blog\/wp-json\/wp\/v2\/posts\/4745"}],"collection":[{"href":"https:\/\/arquivosfutebolbrasil.com.br\/blog\/wp-json\/wp\/v2\/posts"}],"about":[{"href":"https:\/\/arquivosfutebolbrasil.com.br\/blog\/wp-json\/wp\/v2\/types\/post"}],"author":[{"embeddable":true,"href":"https:\/\/arquivosfutebolbrasil.com.br\/blog\/wp-json\/wp\/v2\/users\/2"}],"replies":[{"embeddable":true,"href":"https:\/\/arquivosfutebolbrasil.com.br\/blog\/wp-json\/wp\/v2\/comments?post=4745"}],"version-history":[{"count":2,"href":"https:\/\/arquivosfutebolbrasil.com.br\/blog\/wp-json\/wp\/v2\/posts\/4745\/revisions"}],"predecessor-version":[{"id":4749,"href":"https:\/\/arquivosfutebolbrasil.com.br\/blog\/wp-json\/wp\/v2\/posts\/4745\/revisions\/4749"}],"wp:attachment":[{"href":"https:\/\/arquivosfutebolbrasil.com.br\/blog\/wp-json\/wp\/v2\/media?parent=4745"}],"wp:term":[{"taxonomy":"category","embeddable":true,"href":"https:\/\/arquivosfutebolbrasil.com.br\/blog\/wp-json\/wp\/v2\/categories?post=4745"},{"taxonomy":"post_tag","embeddable":true,"href":"https:\/\/arquivosfutebolbrasil.com.br\/blog\/wp-json\/wp\/v2\/tags?post=4745"}],"curies":[{"name":"wp","href":"https:\/\/api.w.org\/{rel}","templated":true}]}}