{"id":4743,"date":"2020-01-02T10:33:19","date_gmt":"2020-01-02T13:33:19","guid":{"rendered":"https:\/\/arquivosfutebolbrasil.com.br\/blog\/?p=4743"},"modified":"2020-01-02T10:33:19","modified_gmt":"2020-01-02T13:33:19","slug":"mixto-esporte-clube-cuiaba-mt-campeao-matogrossense-de-1965","status":"publish","type":"post","link":"https:\/\/arquivosfutebolbrasil.com.br\/blog\/2020\/01\/02\/mixto-esporte-clube-cuiaba-mt-campeao-matogrossense-de-1965\/","title":{"rendered":"Mixto Esporte Clube (Cuiab\u00e1 &#8211; MT) &#8211; Campe\u00e3o Matogrossense de 1965"},"content":{"rendered":"\n<p>Mixto 3&#215;1 XV de Novembro \/ Data: 22.05.1965 \/ Local: Est\u00e1dio Presidente Dutra, em Cuiab\u00e1 \/ \u00c1rbitro: Gilberto da Costa \/ Gols: Albino (2) e Felizardo \/ Mixto: Tira, Z\u00e9 Maria, Felizardo, Severino, Pel\u00e9, J. Alves, Evaristo, R\u00f4mulo, Almiro, Edy (Glauco) e Albino<\/p>\n\n\n\n<p>Mixto 9&#215;0 Campinas \/ Data: 06.06.1965 \/ Local: Est\u00e1dio Presidente Dutra, em Cuiab\u00e1 \/ \u00c1rbitro: Martinho Bernardo \/ Gols: R\u00f4mulo (4), Ruiter (4) e Edmundo \/ Mixto: Tira, Z\u00e9 Maria, Felizardo, Glauco, Severino, J. Alves, Ruiter, Jaburu, Edmundo, R\u00f4mulo e Albino<\/p>\n\n\n\n<p>Mixto 6&#215;3 Palmeiras \/ Data: 19.06.1965 \/ Local: Est\u00e1dio Presidente Dutra, em Cuiab\u00e1 \/ \u00c1rbitro: Martinho Bernardo \/ Gols: Ruiter (5) e Jaburu \/ Mixto: Julio C\u00e9sar (Tira), Z\u00e9 Maria, Felizardo, J. Alves, Glauco, Pel\u00e9, Jaburu (Lito), R\u00f4mulo, Edmundo, Ruiter e Albino<\/p>\n\n\n\n<p>Mixto 5&#215;0 Riachuelo \/ Data: 04.07.1965 \/ Local: Est\u00e1dio Presidente Dutra, em Cuiab\u00e1 \/ \u00c1rbitro: Gilberto da Costa \/ Gols: Albino (2), R\u00f4mulo, Ruiter e Lito \/ Mixto: Julio C\u00e9sar (Tira), Laelson, Felizardo, Glauco, Pel\u00e9, J. Alves, R\u00f4mulo, Jaburu (Lito), Edmundo, Ruiter e Albino<\/p>\n\n\n\n<p>Mixto 1&#215;1 Dom Bosco \/ Data: 18.07.1965 \/ Local: Est\u00e1dio Presidente Dutra, em Cuiab\u00e1 \/ \u00c1rbitro: Wilson Ademar Buzo \/ Gol: Lito \/ Mixto: Tira, Laelson, Felizardo, J. Alves, Glauco, Pel\u00e9, Edmundo, R\u00f4mulo, Lito, Ruiter e Albino<\/p>\n\n\n\n<p>Mixto 2&#215;1 Oper\u00e1rio \/ Data: 08.08.1965 \/ Local: Est\u00e1dio Presidente Dutra, em Cuiab\u00e1 \/ \u00c1rbitro: Wilson Ademar Buzo \/ Gols: Jaburu e Ruiter \/ Mixto: Julio C\u00e9sar, Edmundo, Severino, Glauco, R\u00f4mulo, Pel\u00e9, Eduardo (J. Alves), Jaburu, Felizardo, Ruiter e Albino<\/p>\n\n\n\n<p>Mixto 3&#215;2 Atl\u00e9tico \/ Data: 15.08.1965 \/ Local: Est\u00e1dio Presidente Dutra, em Cuiab\u00e1 \/ \u00c1rbitro: Jo\u00e3o Batista Jaudy \/ Gols: Ruiter (2) e Felizardo \/ Mixto: Julio C\u00e9sar, Edmundo, Severino, Glauco, Pel\u00e9, R\u00f4mulo, Ruiter, Jaburu, Lito, Felizardo e Albino<\/p>\n\n\n\n<p>Mixto 6&#215;2 Riachuelo \/ Data: 12.09.1965 \/ Local: Est\u00e1dio Presidente Dutra, em Cuiab\u00e1 \/ \u00c1rbitro: Martinho Bernardo \/ Gols: Albino (2), Jaburu (2), Almiro e Felizardo \/ Mixto: Julio C\u00e9sar (Tira), Edmundo, Severino, Glauco, Pel\u00e9, R\u00f4mulo, Ruiter, Almiro, Jaburu, Felizardo e Albino<\/p>\n\n\n\n<p>Mixto 4&#215;0 Palmeiras \/ Data: 26.09.1965 \/ Local: Est\u00e1dio Presidente Dutra, em Cuiab\u00e1 \/ \u00c1rbitro: Manoel Miguel Rodrigues \/ Gols: Jaburu, Ruiter, Almiro e Felizardo \/ Mixto: Tira, Edmundo, Severino, R\u00f4mulo, Glauco, Pel\u00e9, Almiro, Jaburu, Felizardo, Ruiter e Albino (J. Alves)<\/p>\n\n\n\n<p>Mixto 1&#215;0 Atl\u00e9tico \/ Data: 17.10.1965 \/ Local: Est\u00e1dio Presidente Dutra, em Cuiab\u00e1 \/ \u00c1rbitro: Wilson Ademar Buzo \/ Gol: R\u00f4mulo \/ Mixto: Julio C\u00e9sar, Edmundo, Felizardo, R\u00f4mulo, Glauco, Pel\u00e9, Almiro, Jaburu, Lito (Severino), Ruiter e Albino<\/p>\n\n\n\n<p>Mixto 4&#215;2 Dom Bosco \/ Data: 31.10.1965 \/ Local: Est\u00e1dio Presidente Dutra, em Cuiab\u00e1 \/ \u00c1rbitro: Wilson Ademar Buzo \/ Gols: Ruiter (2), Albino e Lito \/ Mixto: Tira, Edmundo, Severino, R\u00f4mulo, Glauco, Pel\u00e9, Jaburu, Lito, Felizardo, Ruiter e Albino<\/p>\n\n\n\n<p>Mixto 2&#215;3 Oper\u00e1rio \/ Data: 09.11.1965 \/ Local: Est\u00e1dio Presidente Dutra, em Cuiab\u00e1 \/ \u00c1rbitro: Jo\u00e3o Bosco Monteiro \/ Gols: Lito (2) \/ Mixto: Tira, Edmundo, Severino, R\u00f4mulo, Glauco, Pel\u00e9, Jaburu, Lito, Ruiter, Felizardo e Albino<\/p>\n\n\n\n<p>Fonte: S\u00e9rgio Santos <\/p>\n\r\n","protected":false},"excerpt":{"rendered":"<p>Mixto 3&#215;1 XV de Novembro \/ Data: 22.05.1965 \/ Local: Est\u00e1dio Presidente Dutra, em Cuiab\u00e1 \/ \u00c1rbitro: Gilberto da Costa \/ Gols: Albino (2) e Felizardo \/ Mixto: Tira, Z\u00e9 Maria, Felizardo, Severino, Pel\u00e9, J. Alves, Evaristo, R\u00f4mulo, Almiro, Edy (Glauco) e Albino Mixto 9&#215;0 Campinas \/ Data: 06.06.1965 \/ Local: Est\u00e1dio Presidente Dutra, em [&hellip;]<\/p>\n","protected":false},"author":2,"featured_media":0,"comment_status":"open","ping_status":"open","sticky":false,"template":"","format":"standard","meta":{"footnotes":""},"categories":[45,48,47,21],"tags":[],"class_list":["post-4743","post","type-post","status-publish","format-standard","hentry","category-campanhas-dos-campeoes","category-campeonatos-historicos","category-jogos-historicos","category-mato-grosso"],"_links":{"self":[{"href":"https:\/\/arquivosfutebolbrasil.com.br\/blog\/wp-json\/wp\/v2\/posts\/4743"}],"collection":[{"href":"https:\/\/arquivosfutebolbrasil.com.br\/blog\/wp-json\/wp\/v2\/posts"}],"about":[{"href":"https:\/\/arquivosfutebolbrasil.com.br\/blog\/wp-json\/wp\/v2\/types\/post"}],"author":[{"embeddable":true,"href":"https:\/\/arquivosfutebolbrasil.com.br\/blog\/wp-json\/wp\/v2\/users\/2"}],"replies":[{"embeddable":true,"href":"https:\/\/arquivosfutebolbrasil.com.br\/blog\/wp-json\/wp\/v2\/comments?post=4743"}],"version-history":[{"count":1,"href":"https:\/\/arquivosfutebolbrasil.com.br\/blog\/wp-json\/wp\/v2\/posts\/4743\/revisions"}],"predecessor-version":[{"id":4744,"href":"https:\/\/arquivosfutebolbrasil.com.br\/blog\/wp-json\/wp\/v2\/posts\/4743\/revisions\/4744"}],"wp:attachment":[{"href":"https:\/\/arquivosfutebolbrasil.com.br\/blog\/wp-json\/wp\/v2\/media?parent=4743"}],"wp:term":[{"taxonomy":"category","embeddable":true,"href":"https:\/\/arquivosfutebolbrasil.com.br\/blog\/wp-json\/wp\/v2\/categories?post=4743"},{"taxonomy":"post_tag","embeddable":true,"href":"https:\/\/arquivosfutebolbrasil.com.br\/blog\/wp-json\/wp\/v2\/tags?post=4743"}],"curies":[{"name":"wp","href":"https:\/\/api.w.org\/{rel}","templated":true}]}}