{"id":4611,"date":"2019-12-31T08:43:12","date_gmt":"2019-12-31T11:43:12","guid":{"rendered":"https:\/\/arquivosfutebolbrasil.com.br\/blog\/?p=4611"},"modified":"2019-12-31T08:43:12","modified_gmt":"2019-12-31T11:43:12","slug":"excursao-da-ferroviaria-sp-a-america-do-sul-e-central-em-1963","status":"publish","type":"post","link":"https:\/\/arquivosfutebolbrasil.com.br\/blog\/2019\/12\/31\/excursao-da-ferroviaria-sp-a-america-do-sul-e-central-em-1963\/","title":{"rendered":"Excurs\u00e3o da Ferrovi\u00e1ria (SP) a Am\u00e9rica do Sul e Central em 1963"},"content":{"rendered":"\n<p>Ferrovi\u00e1ria 4&#215;0 Cucut\u00e1 Deportivo (Col\u00f4mbia)<br>\nData: 20 de janeiro de 1963<br>\nLocal: Cucut\u00e1 &#8211; Col\u00f4mbia<\/p>\n\n\n\n<p>Ferrovi\u00e1ria 0x1 Deportivo Pereira (Col\u00f4mbia)<br>\nData: 23 de janeiro de 1963<br>\nLocal: Pereira &#8211; Col\u00f4mbia<\/p>\n\n\n\n<p>Ferrovi\u00e1ria 4&#215;5 Once Caldas (Col\u00f4mbia<br>\nData: 27 de janeiro de 1963<br>\nLocal: Manizales &#8211; Col\u00f4mbia<\/p>\n\n\n\n<p>Ferrovi\u00e1ria 6&#215;0 Atl\u00e9tico Nacional (Col\u00f4mbia)<br>\nData: 30 de janeiro de 1963<br>\nLocal: Medell\u00edn &#8211; Col\u00f4mbia<\/p>\n\n\n\n<p>Ferrovi\u00e1ria 2&#215;1 Deportivo Independiente (Col\u00f4mbia)<br>\nData: 03 de fevereiro de 1963<br>\nLocal: Medell\u00edn &#8211; Col\u00f4mbia<\/p>\n\n\n\n<p>Ferrovi\u00e1ria 2&#215;0 Deportivo Atl\u00e2ntico (Col\u00f4mbia)<br>\nData: 08 de fevereiro de 1963<br>\nLocal: Barranquilla &#8211; Col\u00f4mbia<\/p>\n\n\n\n<p>Ferrovi\u00e1ria 3&#215;1 Uni\u00f3n Magdalena (Col\u00f4mbia)<br>\nData: 10 de fevereiro de 1963<br>\nLocal: Santa Marta &#8211; Col\u00f4mbia<\/p>\n\n\n\n<p>Ferrovi\u00e1ria 7&#215;0 Deportivo Barranca (Col\u00f4mbia)<br>\nData: 12 de fevereiro de 1963<br>\nLocal: Barrancabermeja &#8211; Col\u00f4mbia<\/p>\n\n\n\n<p>Ferrovi\u00e1ria 3&#215;0 Sele\u00e7\u00e3o do Panam\u00e1<br>\nData: 15 de fevereiro de 1963<br>\nLocal: Cidade do Panam\u00e1 &#8211; Panam\u00e1<\/p>\n\n\n\n<p>Ferrovi\u00e1ria 4&#215;0 Sele\u00e7\u00e3o de Honduras<br>\nData: 17 de fevereiro de 1963<br>\nLocal: Tegucigalpa &#8211; Honduras<\/p>\n\n\n\n<p>Ferrovi\u00e1ria 3&#215;0 Sele\u00e7\u00e3o de El Salvador<br>\nData: 24 de fevereiro de 1963<br>\nLocal: San Salvador &#8211; El Salvador<\/p>\n\n\n\n<p>Ferrovi\u00e1ria 2&#215;0 Sele\u00e7\u00e3o Municipal (Guatemala)<br>\nData: 27 de fevereiro de 1963<br>\nLocal: Cidade da Guatemala &#8211; Guatemala<\/p>\n\n\n\n<p>Ferrovi\u00e1ria 2&#215;1 Sele\u00e7\u00e3o da Guatemala<br>\nData: 03 de mar\u00e7o de 1963<br>\nLocal: Cidade da Guatemala &#8211; Guatemala<\/p>\n\n\n\n<p>Ferrovi\u00e1ria 1&#215;0 Sele\u00e7\u00e3o da Guatemala<br>\nData: 06 de mar\u00e7o de 1963<br>\nLocal: Cidade da Guatemala &#8211; Guatemala<\/p>\n\n\n\n<p>Ferrovi\u00e1ria 4&#215;1 Sele\u00e7\u00e3o de El Salvador<br>\nData: 10 de mar\u00e7o de 1963<br>\nLocal: San Salvador &#8211; El Salvador<\/p>\n\n\n\n<p>Ferrovi\u00e1ria 1&#215;2 Sele\u00e7\u00e3o da Costa Rica<br>\nData: 12 de mar\u00e7o de 1963<br>\nLocal: San Jos\u00e9 &#8211; Costa Rica<\/p>\n\n\n\n<p>Fonte: Vicente Baroffaldi<\/p>\n\r\n","protected":false},"excerpt":{"rendered":"<p>Ferrovi\u00e1ria 4&#215;0 Cucut\u00e1 Deportivo (Col\u00f4mbia) Data: 20 de janeiro de 1963 Local: Cucut\u00e1 &#8211; Col\u00f4mbia Ferrovi\u00e1ria 0x1 Deportivo Pereira (Col\u00f4mbia) Data: 23 de janeiro de 1963 Local: Pereira &#8211; Col\u00f4mbia Ferrovi\u00e1ria 4&#215;5 Once Caldas (Col\u00f4mbia Data: 27 de janeiro de 1963 Local: Manizales &#8211; Col\u00f4mbia Ferrovi\u00e1ria 6&#215;0 Atl\u00e9tico Nacional (Col\u00f4mbia) Data: 30 de janeiro de [&hellip;]<\/p>\n","protected":false},"author":2,"featured_media":0,"comment_status":"open","ping_status":"open","sticky":false,"template":"","format":"standard","meta":{"footnotes":""},"categories":[42,47,35],"tags":[],"class_list":["post-4611","post","type-post","status-publish","format-standard","hentry","category-jogos-amistosos-internacionais","category-jogos-historicos","category-sao-paulo"],"_links":{"self":[{"href":"https:\/\/arquivosfutebolbrasil.com.br\/blog\/wp-json\/wp\/v2\/posts\/4611"}],"collection":[{"href":"https:\/\/arquivosfutebolbrasil.com.br\/blog\/wp-json\/wp\/v2\/posts"}],"about":[{"href":"https:\/\/arquivosfutebolbrasil.com.br\/blog\/wp-json\/wp\/v2\/types\/post"}],"author":[{"embeddable":true,"href":"https:\/\/arquivosfutebolbrasil.com.br\/blog\/wp-json\/wp\/v2\/users\/2"}],"replies":[{"embeddable":true,"href":"https:\/\/arquivosfutebolbrasil.com.br\/blog\/wp-json\/wp\/v2\/comments?post=4611"}],"version-history":[{"count":1,"href":"https:\/\/arquivosfutebolbrasil.com.br\/blog\/wp-json\/wp\/v2\/posts\/4611\/revisions"}],"predecessor-version":[{"id":4612,"href":"https:\/\/arquivosfutebolbrasil.com.br\/blog\/wp-json\/wp\/v2\/posts\/4611\/revisions\/4612"}],"wp:attachment":[{"href":"https:\/\/arquivosfutebolbrasil.com.br\/blog\/wp-json\/wp\/v2\/media?parent=4611"}],"wp:term":[{"taxonomy":"category","embeddable":true,"href":"https:\/\/arquivosfutebolbrasil.com.br\/blog\/wp-json\/wp\/v2\/categories?post=4611"},{"taxonomy":"post_tag","embeddable":true,"href":"https:\/\/arquivosfutebolbrasil.com.br\/blog\/wp-json\/wp\/v2\/tags?post=4611"}],"curies":[{"name":"wp","href":"https:\/\/api.w.org\/{rel}","templated":true}]}}