{"id":4545,"date":"2019-12-31T09:32:00","date_gmt":"2019-12-31T12:32:00","guid":{"rendered":"https:\/\/arquivosfutebolbrasil.com.br\/blog\/?p=4545"},"modified":"2019-12-29T09:33:10","modified_gmt":"2019-12-29T12:33:10","slug":"clubes-do-parana-cabral-futebol-clube-sao-jose-dos-pinhais","status":"publish","type":"post","link":"https:\/\/arquivosfutebolbrasil.com.br\/blog\/2019\/12\/31\/clubes-do-parana-cabral-futebol-clube-sao-jose-dos-pinhais\/","title":{"rendered":"Clubes do Paran\u00e1 &#8211; Cabral Futebol Clube (S\u00e3o Jos\u00e9 dos Pinhais)"},"content":{"rendered":"\n<figure class=\"wp-block-image size-large is-resized\"><img loading=\"lazy\" decoding=\"async\" src=\"https:\/\/arquivosfutebolbrasil.com.br\/blog\/wp-content\/uploads\/2019\/12\/1-309.jpg\" alt=\"\" class=\"wp-image-4546\" width=\"612\" height=\"322\" srcset=\"https:\/\/arquivosfutebolbrasil.com.br\/blog\/wp-content\/uploads\/2019\/12\/1-309.jpg 671w, https:\/\/arquivosfutebolbrasil.com.br\/blog\/wp-content\/uploads\/2019\/12\/1-309-300x158.jpg 300w\" sizes=\"(max-width: 612px) 100vw, 612px\" \/><\/figure>\n\r\n","protected":false},"excerpt":{"rendered":"","protected":false},"author":2,"featured_media":0,"comment_status":"open","ping_status":"open","sticky":false,"template":"","format":"standard","meta":{"footnotes":""},"categories":[55,39,25],"tags":[],"class_list":["post-4545","post","type-post","status-publish","format-standard","hentry","category-clubes-de-futebol","category-escudos","category-parana"],"_links":{"self":[{"href":"https:\/\/arquivosfutebolbrasil.com.br\/blog\/wp-json\/wp\/v2\/posts\/4545"}],"collection":[{"href":"https:\/\/arquivosfutebolbrasil.com.br\/blog\/wp-json\/wp\/v2\/posts"}],"about":[{"href":"https:\/\/arquivosfutebolbrasil.com.br\/blog\/wp-json\/wp\/v2\/types\/post"}],"author":[{"embeddable":true,"href":"https:\/\/arquivosfutebolbrasil.com.br\/blog\/wp-json\/wp\/v2\/users\/2"}],"replies":[{"embeddable":true,"href":"https:\/\/arquivosfutebolbrasil.com.br\/blog\/wp-json\/wp\/v2\/comments?post=4545"}],"version-history":[{"count":1,"href":"https:\/\/arquivosfutebolbrasil.com.br\/blog\/wp-json\/wp\/v2\/posts\/4545\/revisions"}],"predecessor-version":[{"id":4547,"href":"https:\/\/arquivosfutebolbrasil.com.br\/blog\/wp-json\/wp\/v2\/posts\/4545\/revisions\/4547"}],"wp:attachment":[{"href":"https:\/\/arquivosfutebolbrasil.com.br\/blog\/wp-json\/wp\/v2\/media?parent=4545"}],"wp:term":[{"taxonomy":"category","embeddable":true,"href":"https:\/\/arquivosfutebolbrasil.com.br\/blog\/wp-json\/wp\/v2\/categories?post=4545"},{"taxonomy":"post_tag","embeddable":true,"href":"https:\/\/arquivosfutebolbrasil.com.br\/blog\/wp-json\/wp\/v2\/tags?post=4545"}],"curies":[{"name":"wp","href":"https:\/\/api.w.org\/{rel}","templated":true}]}}