{"id":4383,"date":"2019-12-24T06:13:00","date_gmt":"2019-12-24T09:13:00","guid":{"rendered":"https:\/\/arquivosfutebolbrasil.com.br\/blog\/?p=4383"},"modified":"2019-12-22T06:14:38","modified_gmt":"2019-12-22T09:14:38","slug":"torneio-laudo-natel-sp-1972","status":"publish","type":"post","link":"https:\/\/arquivosfutebolbrasil.com.br\/blog\/2019\/12\/24\/torneio-laudo-natel-sp-1972\/","title":{"rendered":"Torneio Laudo Natel (SP) &#8211; 1972"},"content":{"rendered":"\n<p><strong>1\u00aa Fase<\/strong><\/p>\n\n\n\n<p>06.02.1972<br>\nMar\u00edlia 2&#215;1 Noroeste, em Mar\u00edlia<br>\nBotafogo 1&#215;0 Comercial, em Ribeir\u00e3o Preto<br>\nFerrovi\u00e1ria 1&#215;1 Am\u00e9rica, em Araraquara<br>\nS\u00e3o Bento 1&#215;1 XV de Novembro(P), em Sorocaba<br>\nGuarani 3&#215;2 Paulista, em Jundia\u00ed<br>\nJuventus 2&#215;0 Portuguesa(San), em S\u00e3o Paulo<br>\n12.02.1972<br>\nNoroeste 3&#215;3 Mar\u00edlia, em Bauru<br>\nComercial 2&#215;0 Botafogo (4&#215;3 pen), em Ribeir\u00e3o Preto<br>\nAm\u00e9rica 1&#215;1 Ferrovi\u00e1ria (3&#215;4 pen), em S\u00e3o Jos\u00e9 do Rio Preto<br>\nS\u00e3o Bento 4&#215;0 XV de Novembro(P), em Piracicaba<br>\nGuarani 0x0 Paulista, em Campinas<br>\nJuventus 6&#215;3 Portuguesa(San), em S\u00e3o Paulo, Sp<\/p>\n\n\n\n<p><strong>2\u00aa Fase<\/strong><\/p>\n\n\n\n<p>20.02.1972<br>\nMar\u00edlia 1&#215;0 Santos, em Mar\u00edlia<br>\nComercial 0x0 Corinthians (5&#215;3 pen), em Ribeir\u00e3o Preto<br>\nPalmeiras 1&#215;0 Ferrovi\u00e1ria, em S\u00e3o Paulo<br>\nS\u00e3o Bento 1&#215;2 S\u00e3o Paulo, em Sorocaba<br>\nGuarani 1&#215;0 Ponte Preta, em Campinas<br>\nPortuguesa 2&#215;2 Juventus (1&#215;0 pro), em S\u00e3o Paulo<\/p>\n\n\n\n<p><strong>3\u00aa Fase<\/strong><\/p>\n\n\n\n<p>23.02.1972<br>\nMar\u00edlia 2&#215;1 Comercial, em Mar\u00edlia<br>\nPortuguesa 3&#215;0 Guarani, em S\u00e3o Paulo<br>\n25.02.1972<br>\nPalmeiras 0x0 S\u00e3o Paulo (7&#215;6 pen), em S\u00e3o Paulo<\/p>\n\n\n\n<p><strong>Semi Final<\/strong><\/p>\n\n\n\n<p>27.02.1972<br>\nPortuguesa 3&#215;0 Mar\u00edlia, em S\u00e3o Paulo<\/p>\n\n\n\n<p><strong>Final<\/strong><\/p>\n\n\n\n<p>29.02.1972<br>\nPalmeiras 3&#215;1 Portuguesa, em S\u00e3o Paulo<\/p>\n\n\n\n<p>Campe\u00e3 &#8211; Sociedade Esportiva Palmeiras (S\u00e3o Paulo &#8211; SP)<\/p>\n\n\n\n<p>Fonte: Boletins da FPF<\/p>\n\r\n","protected":false},"excerpt":{"rendered":"<p>1\u00aa Fase 06.02.1972 Mar\u00edlia 2&#215;1 Noroeste, em Mar\u00edlia Botafogo 1&#215;0 Comercial, em Ribeir\u00e3o Preto Ferrovi\u00e1ria 1&#215;1 Am\u00e9rica, em Araraquara S\u00e3o Bento 1&#215;1 XV de Novembro(P), em Sorocaba Guarani 3&#215;2 Paulista, em Jundia\u00ed Juventus 2&#215;0 Portuguesa(San), em S\u00e3o Paulo 12.02.1972 Noroeste 3&#215;3 Mar\u00edlia, em Bauru Comercial 2&#215;0 Botafogo (4&#215;3 pen), em Ribeir\u00e3o Preto Am\u00e9rica 1&#215;1 Ferrovi\u00e1ria [&hellip;]<\/p>\n","protected":false},"author":2,"featured_media":0,"comment_status":"open","ping_status":"open","sticky":false,"template":"","format":"standard","meta":{"footnotes":""},"categories":[48,35],"tags":[],"class_list":["post-4383","post","type-post","status-publish","format-standard","hentry","category-campeonatos-historicos","category-sao-paulo"],"_links":{"self":[{"href":"https:\/\/arquivosfutebolbrasil.com.br\/blog\/wp-json\/wp\/v2\/posts\/4383"}],"collection":[{"href":"https:\/\/arquivosfutebolbrasil.com.br\/blog\/wp-json\/wp\/v2\/posts"}],"about":[{"href":"https:\/\/arquivosfutebolbrasil.com.br\/blog\/wp-json\/wp\/v2\/types\/post"}],"author":[{"embeddable":true,"href":"https:\/\/arquivosfutebolbrasil.com.br\/blog\/wp-json\/wp\/v2\/users\/2"}],"replies":[{"embeddable":true,"href":"https:\/\/arquivosfutebolbrasil.com.br\/blog\/wp-json\/wp\/v2\/comments?post=4383"}],"version-history":[{"count":1,"href":"https:\/\/arquivosfutebolbrasil.com.br\/blog\/wp-json\/wp\/v2\/posts\/4383\/revisions"}],"predecessor-version":[{"id":4384,"href":"https:\/\/arquivosfutebolbrasil.com.br\/blog\/wp-json\/wp\/v2\/posts\/4383\/revisions\/4384"}],"wp:attachment":[{"href":"https:\/\/arquivosfutebolbrasil.com.br\/blog\/wp-json\/wp\/v2\/media?parent=4383"}],"wp:term":[{"taxonomy":"category","embeddable":true,"href":"https:\/\/arquivosfutebolbrasil.com.br\/blog\/wp-json\/wp\/v2\/categories?post=4383"},{"taxonomy":"post_tag","embeddable":true,"href":"https:\/\/arquivosfutebolbrasil.com.br\/blog\/wp-json\/wp\/v2\/tags?post=4383"}],"curies":[{"name":"wp","href":"https:\/\/api.w.org\/{rel}","templated":true}]}}