{"id":4328,"date":"2019-12-27T12:25:00","date_gmt":"2019-12-27T15:25:00","guid":{"rendered":"https:\/\/arquivosfutebolbrasil.com.br\/blog\/?p=4328"},"modified":"2019-12-21T22:28:41","modified_gmt":"2019-12-22T01:28:41","slug":"clube-atletico-sao-francisco-sao-francisco-do-sul-campeao-de-joinville-sc-em-1949","status":"publish","type":"post","link":"https:\/\/arquivosfutebolbrasil.com.br\/blog\/2019\/12\/27\/clube-atletico-sao-francisco-sao-francisco-do-sul-campeao-de-joinville-sc-em-1949\/","title":{"rendered":"Clube Atl\u00e9tico S\u00e3o Francisco (S\u00e3o Francisco do Sul) &#8211; Campe\u00e3o de Joinville (SC) em 1949"},"content":{"rendered":"\n<div class=\"wp-block-image\"><figure class=\"aligncenter size-large is-resized\"><img loading=\"lazy\" decoding=\"async\" src=\"https:\/\/arquivosfutebolbrasil.com.br\/blog\/wp-content\/uploads\/2019\/12\/1-252.jpg\" alt=\"\" class=\"wp-image-4329\" width=\"182\" height=\"221\" srcset=\"https:\/\/arquivosfutebolbrasil.com.br\/blog\/wp-content\/uploads\/2019\/12\/1-252.jpg 249w, https:\/\/arquivosfutebolbrasil.com.br\/blog\/wp-content\/uploads\/2019\/12\/1-252-247x300.jpg 247w\" sizes=\"(max-width: 182px) 100vw, 182px\" \/><\/figure><\/div>\n\n\n\n<p>26.06.1949<br>Atl\u00e9tico 2&#215;1 Caxias (Joinville), em S\u00e3o Francisco do Sul<br>03.07.1949<br>Atl\u00e9tico 6&#215;1 Riachuelo (Joinville), em Joinville<br>24.07.1949<br>Atl\u00e9tico 3&#215;2 Flamengo (Joinville), em Joinville<br>21.08.1949<br>Atl\u00e9tico 4&#215;1 Am\u00e9rica (Joinville), em S\u00e3o Francisco do Sul<br>28.86.1949<br>Atl\u00e9tico 3&#215;1 Caxias (Joinville), em Joinville<br>04.09.1949<br>Atl\u00e9tico 4&#215;1 Riachuelo (Joinville), em S\u00e3o Francisco do Sul<br>18.09.1949<br>Atl\u00e9tico 4&#215;1 Flamengo (Joinville), em S\u00e3o Francisco do Sul<br>15.11.1949<br>Atl\u00e9tico W0x0 Am\u00e9rica (Joinville), em Joinville<\/p>\n\n\n\n<p>Fonte: C\u00edcero Urbanski<\/p>\n\r\n","protected":false},"excerpt":{"rendered":"<p>26.06.1949Atl\u00e9tico 2&#215;1 Caxias (Joinville), em S\u00e3o Francisco do Sul03.07.1949Atl\u00e9tico 6&#215;1 Riachuelo (Joinville), em Joinville24.07.1949Atl\u00e9tico 3&#215;2 Flamengo (Joinville), em Joinville21.08.1949Atl\u00e9tico 4&#215;1 Am\u00e9rica (Joinville), em S\u00e3o Francisco do Sul28.86.1949Atl\u00e9tico 3&#215;1 Caxias (Joinville), em Joinville04.09.1949Atl\u00e9tico 4&#215;1 Riachuelo (Joinville), em S\u00e3o Francisco do Sul18.09.1949Atl\u00e9tico 4&#215;1 Flamengo (Joinville), em S\u00e3o Francisco do Sul15.11.1949Atl\u00e9tico W0x0 Am\u00e9rica (Joinville), em Joinville Fonte: C\u00edcero [&hellip;]<\/p>\n","protected":false},"author":2,"featured_media":0,"comment_status":"open","ping_status":"open","sticky":false,"template":"","format":"standard","meta":{"footnotes":""},"categories":[45,48,36],"tags":[],"class_list":["post-4328","post","type-post","status-publish","format-standard","hentry","category-campanhas-dos-campeoes","category-campeonatos-historicos","category-santa-catarina"],"_links":{"self":[{"href":"https:\/\/arquivosfutebolbrasil.com.br\/blog\/wp-json\/wp\/v2\/posts\/4328"}],"collection":[{"href":"https:\/\/arquivosfutebolbrasil.com.br\/blog\/wp-json\/wp\/v2\/posts"}],"about":[{"href":"https:\/\/arquivosfutebolbrasil.com.br\/blog\/wp-json\/wp\/v2\/types\/post"}],"author":[{"embeddable":true,"href":"https:\/\/arquivosfutebolbrasil.com.br\/blog\/wp-json\/wp\/v2\/users\/2"}],"replies":[{"embeddable":true,"href":"https:\/\/arquivosfutebolbrasil.com.br\/blog\/wp-json\/wp\/v2\/comments?post=4328"}],"version-history":[{"count":1,"href":"https:\/\/arquivosfutebolbrasil.com.br\/blog\/wp-json\/wp\/v2\/posts\/4328\/revisions"}],"predecessor-version":[{"id":4330,"href":"https:\/\/arquivosfutebolbrasil.com.br\/blog\/wp-json\/wp\/v2\/posts\/4328\/revisions\/4330"}],"wp:attachment":[{"href":"https:\/\/arquivosfutebolbrasil.com.br\/blog\/wp-json\/wp\/v2\/media?parent=4328"}],"wp:term":[{"taxonomy":"category","embeddable":true,"href":"https:\/\/arquivosfutebolbrasil.com.br\/blog\/wp-json\/wp\/v2\/categories?post=4328"},{"taxonomy":"post_tag","embeddable":true,"href":"https:\/\/arquivosfutebolbrasil.com.br\/blog\/wp-json\/wp\/v2\/tags?post=4328"}],"curies":[{"name":"wp","href":"https:\/\/api.w.org\/{rel}","templated":true}]}}