{"id":3882,"date":"2019-12-10T11:02:15","date_gmt":"2019-12-10T14:02:15","guid":{"rendered":"https:\/\/arquivosfutebolbrasil.com.br\/blog\/?p=3882"},"modified":"2019-12-10T11:02:16","modified_gmt":"2019-12-10T14:02:16","slug":"america-futebol-clube-belo-horizonte-mg-campeao-mineiro-de-1948","status":"publish","type":"post","link":"https:\/\/arquivosfutebolbrasil.com.br\/blog\/2019\/12\/10\/america-futebol-clube-belo-horizonte-mg-campeao-mineiro-de-1948\/","title":{"rendered":"Am\u00e9rica Futebol Clube (Belo Horizonte &#8211; MG) &#8211; Campe\u00e3o Mineiro de 1948"},"content":{"rendered":"\n<figure class=\"wp-block-image size-large\"><img loading=\"lazy\" decoding=\"async\" width=\"624\" height=\"386\" src=\"https:\/\/arquivosfutebolbrasil.com.br\/blog\/wp-content\/uploads\/2019\/12\/1-136.jpg\" alt=\"\" class=\"wp-image-3883\" srcset=\"https:\/\/arquivosfutebolbrasil.com.br\/blog\/wp-content\/uploads\/2019\/12\/1-136.jpg 624w, https:\/\/arquivosfutebolbrasil.com.br\/blog\/wp-content\/uploads\/2019\/12\/1-136-300x186.jpg 300w\" sizes=\"(max-width: 624px) 100vw, 624px\" \/><\/figure>\n\n\n\n<p> 09 de maio de 1948<br>Am\u00e9rica 1\u00d70 Metalusina, em Bar\u00e3o de Cocais<br>16 de maio de 1948<br>Am\u00e9rica 2\u00d70 Villa Nova, em Nova Lima<br>13 de junho de 1948<br>Am\u00e9rica 1\u00d71 Cruzeiro, em Belo Horizonte<br>19 de junho de 1948<br>Am\u00e9rica 5\u00d70 Sete de Setembro, em Belo Horizonte<br>27 de junho de 1948<br>Am\u00e9rica 5\u00d71 Sider\u00fargica, em Belo Horizonte<br>04 de julho de 1948<br>Am\u00e9rica 0x3 Atl\u00e9tico, em Belo Horizonte<br>25 de julho de 1948<br>Am\u00e9rica 2\u00d70 Sete de Setembro, em Belo Horizonte<br>08 de agosto de 1948<br>Am\u00e9rica 1\u00d71 Villa Nova, em Belo Horizonte<br>15 de agosto de 1948<br>Am\u00e9rica 3\u00d71 Metalusina, em Belo Horizonte<br>05 de setembro de 1948<br>Am\u00e9rica 2\u00d71 Cruzeiro, em Belo Horizonte<br>12 de setembro de 1948<br>Am\u00e9rica 2\u00d71 Sider\u00fargica, em Sabar\u00e1<br>19 de setembro de 1948<br>Am\u00e9rica 1\u00d73 Atl\u00e9tico, em Belo Horizonte<br>26 de setembro de 1948<br>Am\u00e9rica 5\u00d70 Sider\u00fargica, em Belo Horizonte<br>10 de outubro de 1948<br>Am\u00e9rica 4\u00d71 Sete de Setembro, em Belo Horizonte<br>31 de outubro de 1948<br>Am\u00e9rica 2\u00d70 Cruzeiro, em Belo Horizonte<br>07 de novembro de 1948<br>Am\u00e9rica 3\u00d72 Metalusina, em Belo Horizonte<br>21 de novembro de 1948<br>Am\u00e9rica 0x0 Villa Nova, em Belo Horizonte<br>28 de novembro de 1948<br>Am\u00e9rica 3\u00d71 Atl\u00e9tico, em Belo Horizonte <\/p>\n\n\n\n<p> Fonte: Gazeta Esportiva \/ SP <\/p>\n\n\n\n<p><\/p>\n\r\n","protected":false},"excerpt":{"rendered":"<p>09 de maio de 1948Am\u00e9rica 1\u00d70 Metalusina, em Bar\u00e3o de Cocais16 de maio de 1948Am\u00e9rica 2\u00d70 Villa Nova, em Nova Lima13 de junho de 1948Am\u00e9rica 1\u00d71 Cruzeiro, em Belo Horizonte19 de junho de 1948Am\u00e9rica 5\u00d70 Sete de Setembro, em Belo Horizonte27 de junho de 1948Am\u00e9rica 5\u00d71 Sider\u00fargica, em Belo Horizonte04 de julho de 1948Am\u00e9rica 0x3 [&hellip;]<\/p>\n","protected":false},"author":2,"featured_media":0,"comment_status":"open","ping_status":"open","sticky":false,"template":"","format":"standard","meta":{"footnotes":""},"categories":[45,48,54,23],"tags":[],"class_list":["post-3882","post","type-post","status-publish","format-standard","hentry","category-campanhas-dos-campeoes","category-campeonatos-historicos","category-fotos-historicas","category-minas-gerais"],"_links":{"self":[{"href":"https:\/\/arquivosfutebolbrasil.com.br\/blog\/wp-json\/wp\/v2\/posts\/3882"}],"collection":[{"href":"https:\/\/arquivosfutebolbrasil.com.br\/blog\/wp-json\/wp\/v2\/posts"}],"about":[{"href":"https:\/\/arquivosfutebolbrasil.com.br\/blog\/wp-json\/wp\/v2\/types\/post"}],"author":[{"embeddable":true,"href":"https:\/\/arquivosfutebolbrasil.com.br\/blog\/wp-json\/wp\/v2\/users\/2"}],"replies":[{"embeddable":true,"href":"https:\/\/arquivosfutebolbrasil.com.br\/blog\/wp-json\/wp\/v2\/comments?post=3882"}],"version-history":[{"count":1,"href":"https:\/\/arquivosfutebolbrasil.com.br\/blog\/wp-json\/wp\/v2\/posts\/3882\/revisions"}],"predecessor-version":[{"id":3884,"href":"https:\/\/arquivosfutebolbrasil.com.br\/blog\/wp-json\/wp\/v2\/posts\/3882\/revisions\/3884"}],"wp:attachment":[{"href":"https:\/\/arquivosfutebolbrasil.com.br\/blog\/wp-json\/wp\/v2\/media?parent=3882"}],"wp:term":[{"taxonomy":"category","embeddable":true,"href":"https:\/\/arquivosfutebolbrasil.com.br\/blog\/wp-json\/wp\/v2\/categories?post=3882"},{"taxonomy":"post_tag","embeddable":true,"href":"https:\/\/arquivosfutebolbrasil.com.br\/blog\/wp-json\/wp\/v2\/tags?post=3882"}],"curies":[{"name":"wp","href":"https:\/\/api.w.org\/{rel}","templated":true}]}}