{"id":378,"date":"2019-11-01T10:12:30","date_gmt":"2019-11-01T13:12:30","guid":{"rendered":"https:\/\/arquivosfutebolbrasil.com.br\/blog\/?p=378"},"modified":"2019-11-01T10:12:31","modified_gmt":"2019-11-01T13:12:31","slug":"torneio-inicio-amazonense-1923","status":"publish","type":"post","link":"https:\/\/arquivosfutebolbrasil.com.br\/blog\/2019\/11\/01\/torneio-inicio-amazonense-1923\/","title":{"rendered":"Torneio In\u00edcio Amazonense &#8211; 1923"},"content":{"rendered":"\n<p>Data: 25 de Mar\u00e7o de 1923<br>Local: Parque Amazonense, em Manaus<\/p>\n\n\n\n<p>1\u00ba Jogo &#8211; Uni\u00e3o Esportiva 1&#215;0 Amazonas<br>2\u00ba Jogo \u2013 Euterpe 1&#215;0 Luso Brasileiro<br>3\u00ba Jogo &#8211; Rio Negro 2&#215;1 Nacional<br>4\u00ba Jogo &#8211; Uni\u00e3o Esportiva 3&#215;0 Brasil<br>5\u00ba Jogo &#8211; Rio Negro 0x0 Euterpe (2&#215;0 esc)<br>Final &#8211; Uni\u00e3o Esportiva 2&#215;1 Rio Negro<\/p>\n\n\n\n<p>Campe\u00e3 &#8211; Uni\u00e3o\nEsportiva Portuguesa (Manaus \u2013 AM)<\/p>\n\n\n\n<p>Fonte:\nJornal do Com\u00e9rcio &#8211; AM<\/p>\n\r\n","protected":false},"excerpt":{"rendered":"<p>Data: 25 de Mar\u00e7o de 1923Local: Parque Amazonense, em Manaus 1\u00ba Jogo &#8211; Uni\u00e3o Esportiva 1&#215;0 Amazonas2\u00ba Jogo \u2013 Euterpe 1&#215;0 Luso Brasileiro3\u00ba Jogo &#8211; Rio Negro 2&#215;1 Nacional4\u00ba Jogo &#8211; Uni\u00e3o Esportiva 3&#215;0 Brasil5\u00ba Jogo &#8211; Rio Negro 0x0 Euterpe (2&#215;0 esc)Final &#8211; Uni\u00e3o Esportiva 2&#215;1 Rio Negro Campe\u00e3 &#8211; Uni\u00e3o Esportiva Portuguesa (Manaus [&hellip;]<\/p>\n","protected":false},"author":2,"featured_media":0,"comment_status":"open","ping_status":"open","sticky":false,"template":"","format":"standard","meta":{"footnotes":""},"categories":[2,48],"tags":[],"class_list":["post-378","post","type-post","status-publish","format-standard","hentry","category-amazonas","category-campeonatos-historicos"],"_links":{"self":[{"href":"https:\/\/arquivosfutebolbrasil.com.br\/blog\/wp-json\/wp\/v2\/posts\/378"}],"collection":[{"href":"https:\/\/arquivosfutebolbrasil.com.br\/blog\/wp-json\/wp\/v2\/posts"}],"about":[{"href":"https:\/\/arquivosfutebolbrasil.com.br\/blog\/wp-json\/wp\/v2\/types\/post"}],"author":[{"embeddable":true,"href":"https:\/\/arquivosfutebolbrasil.com.br\/blog\/wp-json\/wp\/v2\/users\/2"}],"replies":[{"embeddable":true,"href":"https:\/\/arquivosfutebolbrasil.com.br\/blog\/wp-json\/wp\/v2\/comments?post=378"}],"version-history":[{"count":1,"href":"https:\/\/arquivosfutebolbrasil.com.br\/blog\/wp-json\/wp\/v2\/posts\/378\/revisions"}],"predecessor-version":[{"id":379,"href":"https:\/\/arquivosfutebolbrasil.com.br\/blog\/wp-json\/wp\/v2\/posts\/378\/revisions\/379"}],"wp:attachment":[{"href":"https:\/\/arquivosfutebolbrasil.com.br\/blog\/wp-json\/wp\/v2\/media?parent=378"}],"wp:term":[{"taxonomy":"category","embeddable":true,"href":"https:\/\/arquivosfutebolbrasil.com.br\/blog\/wp-json\/wp\/v2\/categories?post=378"},{"taxonomy":"post_tag","embeddable":true,"href":"https:\/\/arquivosfutebolbrasil.com.br\/blog\/wp-json\/wp\/v2\/tags?post=378"}],"curies":[{"name":"wp","href":"https:\/\/api.w.org\/{rel}","templated":true}]}}