{"id":3758,"date":"2019-12-08T19:04:38","date_gmt":"2019-12-08T22:04:38","guid":{"rendered":"https:\/\/arquivosfutebolbrasil.com.br\/blog\/?p=3758"},"modified":"2019-12-08T19:04:39","modified_gmt":"2019-12-08T22:04:39","slug":"excursao-do-ypiranga-ro-ao-acre-em-1958","status":"publish","type":"post","link":"https:\/\/arquivosfutebolbrasil.com.br\/blog\/2019\/12\/08\/excursao-do-ypiranga-ro-ao-acre-em-1958\/","title":{"rendered":"Excurs\u00e3o do Ypiranga (RO) ao Acre em 1958"},"content":{"rendered":"\n<div class=\"wp-block-image\"><figure class=\"aligncenter size-large is-resized\"><img loading=\"lazy\" decoding=\"async\" src=\"https:\/\/arquivosfutebolbrasil.com.br\/blog\/wp-content\/uploads\/2019\/12\/1-106.jpg\" alt=\"\" class=\"wp-image-3759\" width=\"145\" height=\"145\"\/><\/figure><\/div>\n\n\n\n<p>A convite do presidente da Federa\u00e7\u00e3o Acreana de Desportos, Sr. Ary\nRodrigues, o Ypiranga Esporte Clube de Porto Velho esteve na capital acreana\npara a disputa de tr\u00eas amistosos. Seguem as fichas destas partidas:<\/p>\n\n\n\n<p>Ypiranga 1&#215;1 Atl\u00e9tico (Rio Branco \u2013 AC) \/ Data: 05 de setembro de 1958\n\/ Local: Est\u00e1dio Jos\u00e9 de Melo, em Rio Branco \u2013 AC \/ \u00c1rbitro: Jos\u00e9 Anibal Tinoco\n\/ Gols: Mois\u00e9s e Souza \/ Ypiranga: Murilo, Zezinho, Tracaj\u00e1, Bringel,\nAstrogildo, Pacamon, Jorge, Normando, Souza, Ney e Sebinho (Dorival) \/ Atl\u00e9tico:\nBruzugu, Barar\u00fa, Adalberto, Edgar, Tug, Bo\u00e1, Fernando (Oceano), Rivaldo, Roberto,\nMois\u00e9s e Zelito (Aramis)<\/p>\n\n\n\n<p>Ypiranga 3&#215;1 Independ\u00eancia (Rio Branco \u2013 AC) \/ Data: 07 de\nsetembro de 1958 \/ Local: Est\u00e1dio Jos\u00e9 de Melo, em Rio Branco \u2013 AC \/ \u00c1rbitro:\nWalter Felix \/ Gols: Souza (3) e Carreon \/ Ypiranga: Murilo, Jos\u00e9 Barros, Jos\u00e9\nMaria, Aur\u00e9lio, Ant\u00f4nio Matos, Astrogildo, Ant\u00f4nio Albano, Normando, Jorge, Ney\ne Sebasti\u00e3o Sena \/ Independ\u00eancia: Tinoco, Mosarino, L\u00e9o, Alicio, Adalberto\nViana, Cidico, Airton, Fuad, Carreon, Hugo e Gilito<\/p>\n\n\n\n<p>Ypiranga 0x3 Rio Branco (Rio Branco \u2013 AC) \/ Data: 09 de setembro\nde 1958 \/ Local: Est\u00e1dio Jos\u00e9 de Melo, em Rio Branco \u2013 AC \/ \u00c1rbitro: Albanor\nArouca \/ Gols: Felix, Hugo e T\u00f4ca \/ Ypiranga: Murilo, Jos\u00e9 Barros, Astrogildo,\nAur\u00e9lio, Ant\u00f4nio Matos, Jos\u00e9 Maria, Dorival, Normando, Jorge, Ney e Sebasti\u00e3o\nSena \/ Rio Branco: Tinoco, Said, Olavo, Sombra, Biduca, Evandro, Onofre,\nCaetano, Felix, T\u00f4ca e D\u00e3o<\/p>\n\n\n\n<p>&nbsp;Fonte: Jornal O Acre e\nS\u00e9rgio Santos<\/p>\n\r\n","protected":false},"excerpt":{"rendered":"<p>A convite do presidente da Federa\u00e7\u00e3o Acreana de Desportos, Sr. Ary Rodrigues, o Ypiranga Esporte Clube de Porto Velho esteve na capital acreana para a disputa de tr\u00eas amistosos. Seguem as fichas destas partidas: Ypiranga 1&#215;1 Atl\u00e9tico (Rio Branco \u2013 AC) \/ Data: 05 de setembro de 1958 \/ Local: Est\u00e1dio Jos\u00e9 de Melo, em [&hellip;]<\/p>\n","protected":false},"author":2,"featured_media":0,"comment_status":"open","ping_status":"open","sticky":false,"template":"","format":"standard","meta":{"footnotes":""},"categories":[5,46,47,33],"tags":[],"class_list":["post-3758","post","type-post","status-publish","format-standard","hentry","category-acre","category-jogos-amistosos-nacionais","category-jogos-historicos","category-rondonia"],"_links":{"self":[{"href":"https:\/\/arquivosfutebolbrasil.com.br\/blog\/wp-json\/wp\/v2\/posts\/3758"}],"collection":[{"href":"https:\/\/arquivosfutebolbrasil.com.br\/blog\/wp-json\/wp\/v2\/posts"}],"about":[{"href":"https:\/\/arquivosfutebolbrasil.com.br\/blog\/wp-json\/wp\/v2\/types\/post"}],"author":[{"embeddable":true,"href":"https:\/\/arquivosfutebolbrasil.com.br\/blog\/wp-json\/wp\/v2\/users\/2"}],"replies":[{"embeddable":true,"href":"https:\/\/arquivosfutebolbrasil.com.br\/blog\/wp-json\/wp\/v2\/comments?post=3758"}],"version-history":[{"count":1,"href":"https:\/\/arquivosfutebolbrasil.com.br\/blog\/wp-json\/wp\/v2\/posts\/3758\/revisions"}],"predecessor-version":[{"id":3760,"href":"https:\/\/arquivosfutebolbrasil.com.br\/blog\/wp-json\/wp\/v2\/posts\/3758\/revisions\/3760"}],"wp:attachment":[{"href":"https:\/\/arquivosfutebolbrasil.com.br\/blog\/wp-json\/wp\/v2\/media?parent=3758"}],"wp:term":[{"taxonomy":"category","embeddable":true,"href":"https:\/\/arquivosfutebolbrasil.com.br\/blog\/wp-json\/wp\/v2\/categories?post=3758"},{"taxonomy":"post_tag","embeddable":true,"href":"https:\/\/arquivosfutebolbrasil.com.br\/blog\/wp-json\/wp\/v2\/tags?post=3758"}],"curies":[{"name":"wp","href":"https:\/\/api.w.org\/{rel}","templated":true}]}}