{"id":3641,"date":"2019-12-08T22:44:05","date_gmt":"2019-12-09T01:44:05","guid":{"rendered":"https:\/\/arquivosfutebolbrasil.com.br\/blog\/?p=3641"},"modified":"2019-12-08T06:46:06","modified_gmt":"2019-12-08T09:46:06","slug":"torneio-inicio-potiguar-1986","status":"publish","type":"post","link":"https:\/\/arquivosfutebolbrasil.com.br\/blog\/2019\/12\/08\/torneio-inicio-potiguar-1986\/","title":{"rendered":"Torneio In\u00edcio Potiguar &#8211; 1986"},"content":{"rendered":"\n<p>Data: 19 de Janeiro de 1986<br>\nLocal: Est\u00e1dio Castelo Branco, em Natal &#8211; RN<\/p>\n\n\n\n<p>1\u00ba Jogo &#8211; ABC 3&#215;0 Atl\u00e9tico<br>\n2\u00ba Jogo &#8211; Am\u00e9rica 0x0 Riachuelo (4&#215;1 pen)<br>\n3\u00ba Jogo &#8211; ABC 0x0 Alecrim (4&#215;3 pen)<br>\nFinal &#8211; ABC 1&#215;1 Am\u00e9rica (3&#215;1 pen)<\/p>\n\n\n\n<p>Campe\u00e3o &#8211; ABC Futebol Clube (Natal &#8211; RN)<\/p>\n\n\n\n<p>Fonte: Di\u00e1rio de Natal \/ RN<\/p>\n\r\n","protected":false},"excerpt":{"rendered":"<p>Data: 19 de Janeiro de 1986 Local: Est\u00e1dio Castelo Branco, em Natal &#8211; RN 1\u00ba Jogo &#8211; ABC 3&#215;0 Atl\u00e9tico 2\u00ba Jogo &#8211; Am\u00e9rica 0x0 Riachuelo (4&#215;1 pen) 3\u00ba Jogo &#8211; ABC 0x0 Alecrim (4&#215;3 pen) Final &#8211; ABC 1&#215;1 Am\u00e9rica (3&#215;1 pen) Campe\u00e3o &#8211; ABC Futebol Clube (Natal &#8211; RN) Fonte: Di\u00e1rio de Natal [&hellip;]<\/p>\n","protected":false},"author":2,"featured_media":0,"comment_status":"open","ping_status":"open","sticky":false,"template":"","format":"standard","meta":{"footnotes":""},"categories":[48,31],"tags":[],"class_list":["post-3641","post","type-post","status-publish","format-standard","hentry","category-campeonatos-historicos","category-rio-grande-do-norte"],"_links":{"self":[{"href":"https:\/\/arquivosfutebolbrasil.com.br\/blog\/wp-json\/wp\/v2\/posts\/3641"}],"collection":[{"href":"https:\/\/arquivosfutebolbrasil.com.br\/blog\/wp-json\/wp\/v2\/posts"}],"about":[{"href":"https:\/\/arquivosfutebolbrasil.com.br\/blog\/wp-json\/wp\/v2\/types\/post"}],"author":[{"embeddable":true,"href":"https:\/\/arquivosfutebolbrasil.com.br\/blog\/wp-json\/wp\/v2\/users\/2"}],"replies":[{"embeddable":true,"href":"https:\/\/arquivosfutebolbrasil.com.br\/blog\/wp-json\/wp\/v2\/comments?post=3641"}],"version-history":[{"count":1,"href":"https:\/\/arquivosfutebolbrasil.com.br\/blog\/wp-json\/wp\/v2\/posts\/3641\/revisions"}],"predecessor-version":[{"id":3642,"href":"https:\/\/arquivosfutebolbrasil.com.br\/blog\/wp-json\/wp\/v2\/posts\/3641\/revisions\/3642"}],"wp:attachment":[{"href":"https:\/\/arquivosfutebolbrasil.com.br\/blog\/wp-json\/wp\/v2\/media?parent=3641"}],"wp:term":[{"taxonomy":"category","embeddable":true,"href":"https:\/\/arquivosfutebolbrasil.com.br\/blog\/wp-json\/wp\/v2\/categories?post=3641"},{"taxonomy":"post_tag","embeddable":true,"href":"https:\/\/arquivosfutebolbrasil.com.br\/blog\/wp-json\/wp\/v2\/tags?post=3641"}],"curies":[{"name":"wp","href":"https:\/\/api.w.org\/{rel}","templated":true}]}}