{"id":33728,"date":"2026-09-01T06:27:26","date_gmt":"2026-09-01T09:27:26","guid":{"rendered":"https:\/\/arquivosfutebolbrasil.com.br\/blog\/?p=33728"},"modified":"2026-09-01T06:27:26","modified_gmt":"2026-09-01T09:27:26","slug":"foto-historica-clube-atletico-sao-francisco-sao-francisco-do-sul-sc-1949","status":"publish","type":"post","link":"https:\/\/arquivosfutebolbrasil.com.br\/blog\/2026\/09\/01\/foto-historica-clube-atletico-sao-francisco-sao-francisco-do-sul-sc-1949\/","title":{"rendered":"Foto Hist\u00f3rica &#8211; Clube Atl\u00e9tico S\u00e3o Francisco (S\u00e3o Francisco do Sul &#8211; SC) &#8211; 1949"},"content":{"rendered":"<div class=\"wp-block-image\">\n<figure class=\"aligncenter size-large\"><img loading=\"lazy\" decoding=\"async\" width=\"1024\" height=\"495\" src=\"https:\/\/arquivosfutebolbrasil.com.br\/blog\/wp-content\/uploads\/2026\/09\/image-1-1024x495.png\" alt=\"\" class=\"wp-image-33730\" srcset=\"https:\/\/arquivosfutebolbrasil.com.br\/blog\/wp-content\/uploads\/2026\/09\/image-1-1024x495.png 1024w, https:\/\/arquivosfutebolbrasil.com.br\/blog\/wp-content\/uploads\/2026\/09\/image-1-300x145.png 300w, https:\/\/arquivosfutebolbrasil.com.br\/blog\/wp-content\/uploads\/2026\/09\/image-1-768x371.png 768w, https:\/\/arquivosfutebolbrasil.com.br\/blog\/wp-content\/uploads\/2026\/09\/image-1-1536x742.png 1536w, https:\/\/arquivosfutebolbrasil.com.br\/blog\/wp-content\/uploads\/2026\/09\/image-1-624x302.png 624w, https:\/\/arquivosfutebolbrasil.com.br\/blog\/wp-content\/uploads\/2026\/09\/image-1.png 1804w\" sizes=\"(max-width: 1024px) 100vw, 1024px\" \/><\/figure><\/div>\n\n\n<p>Fonte: Foto News<\/p>\n","protected":false},"excerpt":{"rendered":"<p>Fonte: Foto News<\/p>\n","protected":false},"author":2,"featured_media":0,"comment_status":"closed","ping_status":"open","sticky":false,"template":"","format":"standard","meta":{"footnotes":""},"categories":[55,54,36],"tags":[],"class_list":["post-33728","post","type-post","status-publish","format-standard","hentry","category-clubes-de-futebol","category-fotos-historicas","category-santa-catarina"],"_links":{"self":[{"href":"https:\/\/arquivosfutebolbrasil.com.br\/blog\/wp-json\/wp\/v2\/posts\/33728"}],"collection":[{"href":"https:\/\/arquivosfutebolbrasil.com.br\/blog\/wp-json\/wp\/v2\/posts"}],"about":[{"href":"https:\/\/arquivosfutebolbrasil.com.br\/blog\/wp-json\/wp\/v2\/types\/post"}],"author":[{"embeddable":true,"href":"https:\/\/arquivosfutebolbrasil.com.br\/blog\/wp-json\/wp\/v2\/users\/2"}],"replies":[{"embeddable":true,"href":"https:\/\/arquivosfutebolbrasil.com.br\/blog\/wp-json\/wp\/v2\/comments?post=33728"}],"version-history":[{"count":1,"href":"https:\/\/arquivosfutebolbrasil.com.br\/blog\/wp-json\/wp\/v2\/posts\/33728\/revisions"}],"predecessor-version":[{"id":33731,"href":"https:\/\/arquivosfutebolbrasil.com.br\/blog\/wp-json\/wp\/v2\/posts\/33728\/revisions\/33731"}],"wp:attachment":[{"href":"https:\/\/arquivosfutebolbrasil.com.br\/blog\/wp-json\/wp\/v2\/media?parent=33728"}],"wp:term":[{"taxonomy":"category","embeddable":true,"href":"https:\/\/arquivosfutebolbrasil.com.br\/blog\/wp-json\/wp\/v2\/categories?post=33728"},{"taxonomy":"post_tag","embeddable":true,"href":"https:\/\/arquivosfutebolbrasil.com.br\/blog\/wp-json\/wp\/v2\/tags?post=33728"}],"curies":[{"name":"wp","href":"https:\/\/api.w.org\/{rel}","templated":true}]}}