{"id":33723,"date":"2026-08-31T13:55:42","date_gmt":"2026-08-31T16:55:42","guid":{"rendered":"https:\/\/arquivosfutebolbrasil.com.br\/blog\/?p=33723"},"modified":"2026-08-31T13:58:56","modified_gmt":"2026-08-31T16:58:56","slug":"jogo-historico-farroupilha-rs-x-pelotas-rs","status":"publish","type":"post","link":"https:\/\/arquivosfutebolbrasil.com.br\/blog\/2026\/08\/31\/jogo-historico-farroupilha-rs-x-pelotas-rs\/","title":{"rendered":"Jogo Hist\u00f3rico &#8211; Farroupilha (RS) x Pelotas (RS)"},"content":{"rendered":"\n<p><strong>GA Farroupilha (Pelotas &#8211; RS) 4&#215;0 EC Pelotas (Pelotas &#8211; RS)<\/strong><br>Data: 15 de novembro de 1959<br>Local: Pelotas &#8211; RS<br>Car\u00e1ter: Campeonato Citadino de Pelotas &#8211; 1959<br>\u00c1rbitro: Julio Petersen<br>Gols: L\u00e9o (2), Dario e Francisco<br>Farroupilha: Lara; Sinval e Lu\u00eds Carlos; Val\u00e9rio, Catal\u00e3 e Setembrino; Dario, Lelo, Toquinho, Wellington e Z\u00e9 Francisco<br>Pelotas: Oscar; Breno e Bide; Cascudo, Cl\u00e9o e Duartinho; Neizinho, Mauro, Negrito, Jari e Vlamir<\/p>\n\n\n\n<p>Fonte: Julio Bovi Diogo<\/p>\n","protected":false},"excerpt":{"rendered":"<p>GA Farroupilha (Pelotas &#8211; RS) 4&#215;0 EC Pelotas (Pelotas &#8211; RS)Data: 15 de novembro de 1959Local: Pelotas &#8211; RSCar\u00e1ter: Campeonato Citadino de Pelotas &#8211; 1959\u00c1rbitro: Julio PetersenGols: L\u00e9o (2), Dario e FranciscoFarroupilha: Lara; Sinval e Lu\u00eds Carlos; Val\u00e9rio, Catal\u00e3 e Setembrino; Dario, Lelo, Toquinho, Wellington e Z\u00e9 FranciscoPelotas: Oscar; Breno e Bide; Cascudo, Cl\u00e9o e [&hellip;]<\/p>\n","protected":false},"author":2,"featured_media":0,"comment_status":"closed","ping_status":"open","sticky":false,"template":"","format":"standard","meta":{"footnotes":""},"categories":[48,47,32],"tags":[],"class_list":["post-33723","post","type-post","status-publish","format-standard","hentry","category-campeonatos-historicos","category-jogos-historicos","category-rio-grande-do-sul"],"_links":{"self":[{"href":"https:\/\/arquivosfutebolbrasil.com.br\/blog\/wp-json\/wp\/v2\/posts\/33723"}],"collection":[{"href":"https:\/\/arquivosfutebolbrasil.com.br\/blog\/wp-json\/wp\/v2\/posts"}],"about":[{"href":"https:\/\/arquivosfutebolbrasil.com.br\/blog\/wp-json\/wp\/v2\/types\/post"}],"author":[{"embeddable":true,"href":"https:\/\/arquivosfutebolbrasil.com.br\/blog\/wp-json\/wp\/v2\/users\/2"}],"replies":[{"embeddable":true,"href":"https:\/\/arquivosfutebolbrasil.com.br\/blog\/wp-json\/wp\/v2\/comments?post=33723"}],"version-history":[{"count":2,"href":"https:\/\/arquivosfutebolbrasil.com.br\/blog\/wp-json\/wp\/v2\/posts\/33723\/revisions"}],"predecessor-version":[{"id":33725,"href":"https:\/\/arquivosfutebolbrasil.com.br\/blog\/wp-json\/wp\/v2\/posts\/33723\/revisions\/33725"}],"wp:attachment":[{"href":"https:\/\/arquivosfutebolbrasil.com.br\/blog\/wp-json\/wp\/v2\/media?parent=33723"}],"wp:term":[{"taxonomy":"category","embeddable":true,"href":"https:\/\/arquivosfutebolbrasil.com.br\/blog\/wp-json\/wp\/v2\/categories?post=33723"},{"taxonomy":"post_tag","embeddable":true,"href":"https:\/\/arquivosfutebolbrasil.com.br\/blog\/wp-json\/wp\/v2\/tags?post=33723"}],"curies":[{"name":"wp","href":"https:\/\/api.w.org\/{rel}","templated":true}]}}